{"id":1085,"date":"2015-07-26T23:57:18","date_gmt":"2015-07-26T22:57:18","guid":{"rendered":"http:\/\/www.sortirdeparisavelo.fr\/blog\/?p=1085"},"modified":"2015-07-27T00:30:46","modified_gmt":"2015-07-26T23:30:46","slug":"quand-pompidou-arrete-de-respirer","status":"publish","type":"post","link":"http:\/\/www.sortirdeparisavelo.fr\/blog\/2015\/07\/quand-pompidou-arrete-de-respirer\/","title":{"rendered":"Quand la Voie Georges Pompidou arr\u00eate de respirer"},"content":{"rendered":"<p>Le Dimanche \u00e0 17h, la Voie Georges Pompidou pi\u00e9tonne retourne \u00e0 la circulation. La transition en photos et vid\u00e9o.<\/p>\n<p><!--more--><\/p>\n<p>L&rsquo;op\u00e9ration Paris Respire a lieu les dimanches et jours f\u00e9ri\u00e9s dans plusieurs quartiers de la capitale, et en particulier sur la Voie Georges Pompidou de 9h \u00e0 17h.<\/p>\n<p><img loading=\"lazy\" decoding=\"async\" class=\"aligncenter size-large wp-image-1086\" src=\"http:\/\/www.sortirdeparisavelo.fr\/blog\/wp-content\/uploads\/2015\/07\/parisrespireff-1200x800.jpg\" alt=\"parisrespireff\" width=\"676\" height=\"451\" srcset=\"http:\/\/www.sortirdeparisavelo.fr\/blog\/wp-content\/uploads\/2015\/07\/parisrespireff-1200x800.jpg 1200w, http:\/\/www.sortirdeparisavelo.fr\/blog\/wp-content\/uploads\/2015\/07\/parisrespireff-160x107.jpg 160w, http:\/\/www.sortirdeparisavelo.fr\/blog\/wp-content\/uploads\/2015\/07\/parisrespireff-320x213.jpg 320w, http:\/\/www.sortirdeparisavelo.fr\/blog\/wp-content\/uploads\/2015\/07\/parisrespireff-676x451.jpg 676w, http:\/\/www.sortirdeparisavelo.fr\/blog\/wp-content\/uploads\/2015\/07\/parisrespireff.jpg 1800w\" sizes=\"auto, (max-width: 676px) 100vw, 676px\" \/><\/p>\n<p>A cet endroit, elle s&rsquo;interrompt lors de Paris Plage, mais aussi selon la d\u00e9cision de la Pr\u00e9fecture de Police. Ce fut ainsi le cas lors de la fin de l&rsquo;ann\u00e9e 2014, pour favoriser la circulation lors des p\u00e9riodes d&rsquo;achats dans les grands magasins. Cette fermeture annonc\u00e9e bien \u00e0 l&rsquo;avance donna lieu \u00e0 quelques protestations.<\/p>\n<p>Mais la pr\u00e9fecture peut aussi d\u00e9cider la suspension de l&rsquo;op\u00e9ration plus discr\u00e8tement, comme ce fut au moins deux fois le cas r\u00e9cemment.<\/p>\n<p><img loading=\"lazy\" decoding=\"async\" class=\"aligncenter size-large wp-image-1087\" src=\"http:\/\/www.sortirdeparisavelo.fr\/blog\/wp-content\/uploads\/2015\/07\/150628-463_DxO-1200x800.jpg\" alt=\"150628 463_DxO\" width=\"676\" height=\"451\" srcset=\"http:\/\/www.sortirdeparisavelo.fr\/blog\/wp-content\/uploads\/2015\/07\/150628-463_DxO-1200x800.jpg 1200w, http:\/\/www.sortirdeparisavelo.fr\/blog\/wp-content\/uploads\/2015\/07\/150628-463_DxO-160x107.jpg 160w, http:\/\/www.sortirdeparisavelo.fr\/blog\/wp-content\/uploads\/2015\/07\/150628-463_DxO-320x213.jpg 320w, http:\/\/www.sortirdeparisavelo.fr\/blog\/wp-content\/uploads\/2015\/07\/150628-463_DxO-676x451.jpg 676w, http:\/\/www.sortirdeparisavelo.fr\/blog\/wp-content\/uploads\/2015\/07\/150628-463_DxO.jpg 1800w\" sizes=\"auto, (max-width: 676px) 100vw, 676px\" \/><\/p>\n<p>Ainsi quand le Carnaval Tropical ferma les alentours de la Rue de Rivoli \u00e0 la circulation, la Voie resta ouverte aux voitures, qui, en revanche, ne pouvaient remonter sur le quai sup\u00e9rieur. Une autre suspension de Paris Respire Voie Pompidou au moins eut lieu peu avant Paris Plage, sans que je puisse en conna\u00eetre facilement la raison.<\/p>\n<p>Mais bref, en temps normal, le Dimanche \u00e0 17h, il faut passer d&rsquo;une voie pi\u00e9tonne \u00e0 une voie rapide. La transition peut \u00eatre spectaculaire.<\/p>\n<p>Pour que le spectacle soit r\u00e9ussi, il faut d&rsquo;abord de l&rsquo;affluence pi\u00e9tonne.<\/p>\n<p>Sous la pluie, la Voie Pompidou est relativement d\u00e9serte pendant Paris Respire.<\/p>\n<p><img loading=\"lazy\" decoding=\"async\" class=\"aligncenter size-large wp-image-1089\" src=\"http:\/\/www.sortirdeparisavelo.fr\/blog\/wp-content\/uploads\/2015\/07\/260415-024_DxO-1200x791.jpg\" alt=\"260415 024_DxO\" width=\"676\" height=\"446\" srcset=\"http:\/\/www.sortirdeparisavelo.fr\/blog\/wp-content\/uploads\/2015\/07\/260415-024_DxO-1200x791.jpg 1200w, http:\/\/www.sortirdeparisavelo.fr\/blog\/wp-content\/uploads\/2015\/07\/260415-024_DxO-160x106.jpg 160w, http:\/\/www.sortirdeparisavelo.fr\/blog\/wp-content\/uploads\/2015\/07\/260415-024_DxO-320x211.jpg 320w, http:\/\/www.sortirdeparisavelo.fr\/blog\/wp-content\/uploads\/2015\/07\/260415-024_DxO-676x446.jpg 676w, http:\/\/www.sortirdeparisavelo.fr\/blog\/wp-content\/uploads\/2015\/07\/260415-024_DxO.jpg 1800w\" sizes=\"auto, (max-width: 676px) 100vw, 676px\" \/><\/p>\n<p><img loading=\"lazy\" decoding=\"async\" class=\"aligncenter size-large wp-image-1092\" src=\"http:\/\/www.sortirdeparisavelo.fr\/blog\/wp-content\/uploads\/2015\/07\/260415-031_DxO-1200x800.jpg\" alt=\"260415 031_DxO\" width=\"676\" height=\"451\" srcset=\"http:\/\/www.sortirdeparisavelo.fr\/blog\/wp-content\/uploads\/2015\/07\/260415-031_DxO-1200x800.jpg 1200w, http:\/\/www.sortirdeparisavelo.fr\/blog\/wp-content\/uploads\/2015\/07\/260415-031_DxO-160x107.jpg 160w, http:\/\/www.sortirdeparisavelo.fr\/blog\/wp-content\/uploads\/2015\/07\/260415-031_DxO-320x213.jpg 320w, http:\/\/www.sortirdeparisavelo.fr\/blog\/wp-content\/uploads\/2015\/07\/260415-031_DxO-676x451.jpg 676w, http:\/\/www.sortirdeparisavelo.fr\/blog\/wp-content\/uploads\/2015\/07\/260415-031_DxO.jpg 1800w\" sizes=\"auto, (max-width: 676px) 100vw, 676px\" \/><\/p>\n<p>Pendant l&rsquo;hiver, au moindre rayon de soleil, l&rsquo;affluence commence \u00e0 devenir vite respectable.<\/p>\n<p><img loading=\"lazy\" decoding=\"async\" class=\"aligncenter size-large wp-image-1090\" src=\"http:\/\/www.sortirdeparisavelo.fr\/blog\/wp-content\/uploads\/2015\/07\/parisrespire2quai-1200x800.jpg\" alt=\"parisrespire2quai\" width=\"676\" height=\"451\" srcset=\"http:\/\/www.sortirdeparisavelo.fr\/blog\/wp-content\/uploads\/2015\/07\/parisrespire2quai-1200x800.jpg 1200w, http:\/\/www.sortirdeparisavelo.fr\/blog\/wp-content\/uploads\/2015\/07\/parisrespire2quai-160x107.jpg 160w, http:\/\/www.sortirdeparisavelo.fr\/blog\/wp-content\/uploads\/2015\/07\/parisrespire2quai-320x213.jpg 320w, http:\/\/www.sortirdeparisavelo.fr\/blog\/wp-content\/uploads\/2015\/07\/parisrespire2quai-676x451.jpg 676w, http:\/\/www.sortirdeparisavelo.fr\/blog\/wp-content\/uploads\/2015\/07\/parisrespire2quai.jpg 1800w\" sizes=\"auto, (max-width: 676px) 100vw, 676px\" \/><\/p>\n<p><img loading=\"lazy\" decoding=\"async\" class=\"aligncenter size-large wp-image-1093\" src=\"http:\/\/www.sortirdeparisavelo.fr\/blog\/wp-content\/uploads\/2015\/07\/parisrespirequai-1200x688.jpg\" alt=\"parisrespirequai\" width=\"676\" height=\"388\" srcset=\"http:\/\/www.sortirdeparisavelo.fr\/blog\/wp-content\/uploads\/2015\/07\/parisrespirequai-1200x688.jpg 1200w, http:\/\/www.sortirdeparisavelo.fr\/blog\/wp-content\/uploads\/2015\/07\/parisrespirequai-160x92.jpg 160w, http:\/\/www.sortirdeparisavelo.fr\/blog\/wp-content\/uploads\/2015\/07\/parisrespirequai-320x183.jpg 320w, http:\/\/www.sortirdeparisavelo.fr\/blog\/wp-content\/uploads\/2015\/07\/parisrespirequai-676x388.jpg 676w, http:\/\/www.sortirdeparisavelo.fr\/blog\/wp-content\/uploads\/2015\/07\/parisrespirequai.jpg 1800w\" sizes=\"auto, (max-width: 676px) 100vw, 676px\" \/><\/p>\n<p>Et enfin sous le soleil de l&rsquo;heure d&rsquo;\u00e9t\u00e9, comme Paris Respire s&rsquo;arr\u00eate seulement trois heures apr\u00e8s le z\u00e9nith, il peut y avoir foule.<\/p>\n<p><img loading=\"lazy\" decoding=\"async\" class=\"aligncenter size-large wp-image-1094\" src=\"http:\/\/www.sortirdeparisavelo.fr\/blog\/wp-content\/uploads\/2015\/07\/150614-034_DxO-1200x800.jpg\" alt=\"150614 034_DxO\" width=\"676\" height=\"451\" srcset=\"http:\/\/www.sortirdeparisavelo.fr\/blog\/wp-content\/uploads\/2015\/07\/150614-034_DxO-1200x800.jpg 1200w, http:\/\/www.sortirdeparisavelo.fr\/blog\/wp-content\/uploads\/2015\/07\/150614-034_DxO-160x107.jpg 160w, http:\/\/www.sortirdeparisavelo.fr\/blog\/wp-content\/uploads\/2015\/07\/150614-034_DxO-320x213.jpg 320w, http:\/\/www.sortirdeparisavelo.fr\/blog\/wp-content\/uploads\/2015\/07\/150614-034_DxO-676x451.jpg 676w, http:\/\/www.sortirdeparisavelo.fr\/blog\/wp-content\/uploads\/2015\/07\/150614-034_DxO.jpg 1800w\" sizes=\"auto, (max-width: 676px) 100vw, 676px\" \/><\/p>\n<p><img loading=\"lazy\" decoding=\"async\" class=\"aligncenter size-large wp-image-1097\" src=\"http:\/\/www.sortirdeparisavelo.fr\/blog\/wp-content\/uploads\/2015\/07\/170515-013_DxO-1200x800.jpg\" alt=\"170515 013_DxO\" width=\"676\" height=\"451\" srcset=\"http:\/\/www.sortirdeparisavelo.fr\/blog\/wp-content\/uploads\/2015\/07\/170515-013_DxO-1200x800.jpg 1200w, http:\/\/www.sortirdeparisavelo.fr\/blog\/wp-content\/uploads\/2015\/07\/170515-013_DxO-160x107.jpg 160w, http:\/\/www.sortirdeparisavelo.fr\/blog\/wp-content\/uploads\/2015\/07\/170515-013_DxO-320x213.jpg 320w, http:\/\/www.sortirdeparisavelo.fr\/blog\/wp-content\/uploads\/2015\/07\/170515-013_DxO-676x451.jpg 676w, http:\/\/www.sortirdeparisavelo.fr\/blog\/wp-content\/uploads\/2015\/07\/170515-013_DxO.jpg 1800w\" sizes=\"auto, (max-width: 676px) 100vw, 676px\" \/><\/p>\n<p>Regardons maintenant les lieux :<\/p>\n<p>Paris Respire Voie Georges Pompidou commence en fait au niveau des Tuileries, le tunnel \u00e9tant ouvert \u00e0 la circulation pi\u00e9tonne et cycliste.<\/p>\n<p><img loading=\"lazy\" decoding=\"async\" class=\"aligncenter size-large wp-image-1138\" src=\"http:\/\/www.sortirdeparisavelo.fr\/blog\/wp-content\/uploads\/2015\/07\/150705-387_DxO-1200x800.jpg\" alt=\"150705 387_DxO\" width=\"676\" height=\"451\" srcset=\"http:\/\/www.sortirdeparisavelo.fr\/blog\/wp-content\/uploads\/2015\/07\/150705-387_DxO-1200x800.jpg 1200w, http:\/\/www.sortirdeparisavelo.fr\/blog\/wp-content\/uploads\/2015\/07\/150705-387_DxO-160x107.jpg 160w, http:\/\/www.sortirdeparisavelo.fr\/blog\/wp-content\/uploads\/2015\/07\/150705-387_DxO-320x213.jpg 320w, http:\/\/www.sortirdeparisavelo.fr\/blog\/wp-content\/uploads\/2015\/07\/150705-387_DxO-676x451.jpg 676w, http:\/\/www.sortirdeparisavelo.fr\/blog\/wp-content\/uploads\/2015\/07\/150705-387_DxO.jpg 1800w\" sizes=\"auto, (max-width: 676px) 100vw, 676px\" \/><\/p>\n<p><img loading=\"lazy\" decoding=\"async\" class=\"aligncenter size-large wp-image-1127\" src=\"http:\/\/www.sortirdeparisavelo.fr\/blog\/wp-content\/uploads\/2015\/07\/150607-359_DxO-1200x800.jpg\" alt=\"150607 359_DxO\" width=\"676\" height=\"451\" srcset=\"http:\/\/www.sortirdeparisavelo.fr\/blog\/wp-content\/uploads\/2015\/07\/150607-359_DxO-1200x800.jpg 1200w, http:\/\/www.sortirdeparisavelo.fr\/blog\/wp-content\/uploads\/2015\/07\/150607-359_DxO-160x107.jpg 160w, http:\/\/www.sortirdeparisavelo.fr\/blog\/wp-content\/uploads\/2015\/07\/150607-359_DxO-320x213.jpg 320w, http:\/\/www.sortirdeparisavelo.fr\/blog\/wp-content\/uploads\/2015\/07\/150607-359_DxO-676x451.jpg 676w, http:\/\/www.sortirdeparisavelo.fr\/blog\/wp-content\/uploads\/2015\/07\/150607-359_DxO.jpg 1800w\" sizes=\"auto, (max-width: 676px) 100vw, 676px\" \/><\/p>\n<p>Vu que les pi\u00e9tons peuvent longer le tunnel par le quai le long de la Seine, il est essentiellement d\u00e9di\u00e9 \u00e0 tout ce qui roule (avec quelques coureurs dans le lot). Pour ces v\u00e9hicules l\u00e0, pas besoin de faire tourner les ventilateurs.<\/p>\n<p><img loading=\"lazy\" decoding=\"async\" class=\"aligncenter size-large wp-image-1095\" src=\"http:\/\/www.sortirdeparisavelo.fr\/blog\/wp-content\/uploads\/2015\/07\/150524-087_DxO-1200x800.jpg\" alt=\"150524 087_DxO\" width=\"676\" height=\"451\" srcset=\"http:\/\/www.sortirdeparisavelo.fr\/blog\/wp-content\/uploads\/2015\/07\/150524-087_DxO-1200x800.jpg 1200w, http:\/\/www.sortirdeparisavelo.fr\/blog\/wp-content\/uploads\/2015\/07\/150524-087_DxO-160x107.jpg 160w, http:\/\/www.sortirdeparisavelo.fr\/blog\/wp-content\/uploads\/2015\/07\/150524-087_DxO-320x213.jpg 320w, http:\/\/www.sortirdeparisavelo.fr\/blog\/wp-content\/uploads\/2015\/07\/150524-087_DxO-676x451.jpg 676w, http:\/\/www.sortirdeparisavelo.fr\/blog\/wp-content\/uploads\/2015\/07\/150524-087_DxO.jpg 1800w\" sizes=\"auto, (max-width: 676px) 100vw, 676px\" \/><\/p>\n<p>Le tunnel pla\u00eet car c&rsquo;est le lieu d&rsquo;une descente permettant d&rsquo;aller vite en toute s\u00e9curit\u00e9. On peut y croiser des v\u00e9los \u00e0 moteur pas tr\u00e8s r\u00e9glementaires quelquefois, mais on y voit surtout quelques enfants y conna\u00eetre leurs premi\u00e8res sensations et vrais gadins.<\/p>\n<p><img loading=\"lazy\" decoding=\"async\" class=\"aligncenter size-large wp-image-1096\" src=\"http:\/\/www.sortirdeparisavelo.fr\/blog\/wp-content\/uploads\/2015\/07\/150524-028_DxO-1200x798.jpg\" alt=\"150524 028_DxO\" width=\"676\" height=\"450\" srcset=\"http:\/\/www.sortirdeparisavelo.fr\/blog\/wp-content\/uploads\/2015\/07\/150524-028_DxO-1200x798.jpg 1200w, http:\/\/www.sortirdeparisavelo.fr\/blog\/wp-content\/uploads\/2015\/07\/150524-028_DxO-160x106.jpg 160w, http:\/\/www.sortirdeparisavelo.fr\/blog\/wp-content\/uploads\/2015\/07\/150524-028_DxO-320x213.jpg 320w, http:\/\/www.sortirdeparisavelo.fr\/blog\/wp-content\/uploads\/2015\/07\/150524-028_DxO-676x450.jpg 676w, http:\/\/www.sortirdeparisavelo.fr\/blog\/wp-content\/uploads\/2015\/07\/150524-028_DxO.jpg 1800w\" sizes=\"auto, (max-width: 676px) 100vw, 676px\" \/><\/p>\n<p>Et donc, vers 17h, les voitures reviennent, l&rsquo;interdiction s&rsquo;arr\u00eate.<\/p>\n<p><img loading=\"lazy\" decoding=\"async\" class=\"aligncenter size-large wp-image-1098\" src=\"http:\/\/www.sortirdeparisavelo.fr\/blog\/wp-content\/uploads\/2015\/07\/150524-102_DxO-1200x800.jpg\" alt=\"150524 102_DxO\" width=\"676\" height=\"451\" srcset=\"http:\/\/www.sortirdeparisavelo.fr\/blog\/wp-content\/uploads\/2015\/07\/150524-102_DxO-1200x800.jpg 1200w, http:\/\/www.sortirdeparisavelo.fr\/blog\/wp-content\/uploads\/2015\/07\/150524-102_DxO-160x107.jpg 160w, http:\/\/www.sortirdeparisavelo.fr\/blog\/wp-content\/uploads\/2015\/07\/150524-102_DxO-320x213.jpg 320w, http:\/\/www.sortirdeparisavelo.fr\/blog\/wp-content\/uploads\/2015\/07\/150524-102_DxO-676x451.jpg 676w, http:\/\/www.sortirdeparisavelo.fr\/blog\/wp-content\/uploads\/2015\/07\/150524-102_DxO.jpg 1800w\" sizes=\"auto, (max-width: 676px) 100vw, 676px\" \/><\/p>\n<p>A ce que j&rsquo;ai pu en voir, le rituel n&rsquo;est pas immuable. Je me base ici sur une demi-douzaine de cas vu avec l&rsquo;appareil photo comme aide-m\u00e9moire, plus mes souvenirs de ce que j&rsquo;ai pu voir auparavant.<\/p>\n<p>Le balisage est \u00f4t\u00e9 quelquefois juste avant le flot des voitures, quelquefois bien avant. Le plus souvent une voiture de la police est en \u00e9claireur avant le flot, ou juste devant. Le flot des voitures est bloqu\u00e9 par une voiture de police et un camion, avec ou non des motards de la police en plus, ou bien par deux voitures de police, ou encore par une autre configuration.<\/p>\n<p><img loading=\"lazy\" decoding=\"async\" class=\"aligncenter size-large wp-image-1126\" src=\"http:\/\/www.sortirdeparisavelo.fr\/blog\/wp-content\/uploads\/2015\/07\/150607-343_DxO-1200x800.jpg\" alt=\"150607 343_DxO\" width=\"676\" height=\"451\" srcset=\"http:\/\/www.sortirdeparisavelo.fr\/blog\/wp-content\/uploads\/2015\/07\/150607-343_DxO-1200x800.jpg 1200w, http:\/\/www.sortirdeparisavelo.fr\/blog\/wp-content\/uploads\/2015\/07\/150607-343_DxO-160x107.jpg 160w, http:\/\/www.sortirdeparisavelo.fr\/blog\/wp-content\/uploads\/2015\/07\/150607-343_DxO-320x213.jpg 320w, http:\/\/www.sortirdeparisavelo.fr\/blog\/wp-content\/uploads\/2015\/07\/150607-343_DxO-676x451.jpg 676w, http:\/\/www.sortirdeparisavelo.fr\/blog\/wp-content\/uploads\/2015\/07\/150607-343_DxO.jpg 1800w\" sizes=\"auto, (max-width: 676px) 100vw, 676px\" \/><\/p>\n<p>Pour pouvoir synth\u00e9tiser, je vais donc plut\u00f4t pr\u00e9senter les photos lieux par lieux.<\/p>\n<p>Commen\u00e7ons par le tunnel des Tuileries c\u00f4t\u00e9 Louvre. En se postant au-dessus, on voit les derniers v\u00e9los, trottinettes, et rollers en sortir apr\u00e8s le passage de l&rsquo;\u00e9claireur (d&rsquo;o\u00f9 ce cycliste sur le petit trottoir), et le flux des autos les remplacer aussit\u00f4t.<\/p>\n<p><img loading=\"lazy\" decoding=\"async\" class=\"aligncenter wp-image-1099 size-large\" src=\"http:\/\/www.sortirdeparisavelo.fr\/blog\/wp-content\/uploads\/2015\/07\/sortietunnel-1200x800.jpg\" alt=\"\" width=\"676\" height=\"451\" srcset=\"http:\/\/www.sortirdeparisavelo.fr\/blog\/wp-content\/uploads\/2015\/07\/sortietunnel-1200x800.jpg 1200w, http:\/\/www.sortirdeparisavelo.fr\/blog\/wp-content\/uploads\/2015\/07\/sortietunnel-160x107.jpg 160w, http:\/\/www.sortirdeparisavelo.fr\/blog\/wp-content\/uploads\/2015\/07\/sortietunnel-320x213.jpg 320w, http:\/\/www.sortirdeparisavelo.fr\/blog\/wp-content\/uploads\/2015\/07\/sortietunnel-676x451.jpg 676w, http:\/\/www.sortirdeparisavelo.fr\/blog\/wp-content\/uploads\/2015\/07\/sortietunnel.jpg 1800w\" sizes=\"auto, (max-width: 676px) 100vw, 676px\" \/><\/p>\n<p><img loading=\"lazy\" decoding=\"async\" class=\"aligncenter wp-image-1100 size-large\" src=\"http:\/\/www.sortirdeparisavelo.fr\/blog\/wp-content\/uploads\/2015\/07\/rentreetunnel-1200x800.jpg\" alt=\"\" width=\"676\" height=\"451\" srcset=\"http:\/\/www.sortirdeparisavelo.fr\/blog\/wp-content\/uploads\/2015\/07\/rentreetunnel-1200x800.jpg 1200w, http:\/\/www.sortirdeparisavelo.fr\/blog\/wp-content\/uploads\/2015\/07\/rentreetunnel-160x107.jpg 160w, http:\/\/www.sortirdeparisavelo.fr\/blog\/wp-content\/uploads\/2015\/07\/rentreetunnel-320x213.jpg 320w, http:\/\/www.sortirdeparisavelo.fr\/blog\/wp-content\/uploads\/2015\/07\/rentreetunnel-676x451.jpg 676w, http:\/\/www.sortirdeparisavelo.fr\/blog\/wp-content\/uploads\/2015\/07\/rentreetunnel.jpg 1800w\" sizes=\"auto, (max-width: 676px) 100vw, 676px\" \/><\/p>\n<p>Pour les derniers \u00e0 \u00eatre \u00e9vacu\u00e9s, il faut revenir sur le trottoir \u00e0 l&rsquo;huile de coude. C&rsquo;est lourd, un V\u00e9lib.<\/p>\n<p><img loading=\"lazy\" decoding=\"async\" class=\"aligncenter size-large wp-image-1101\" src=\"http:\/\/www.sortirdeparisavelo.fr\/blog\/wp-content\/uploads\/2015\/07\/170515-022_DxO-1200x800.jpg\" alt=\"170515 022_DxO\" width=\"676\" height=\"451\" srcset=\"http:\/\/www.sortirdeparisavelo.fr\/blog\/wp-content\/uploads\/2015\/07\/170515-022_DxO-1200x800.jpg 1200w, http:\/\/www.sortirdeparisavelo.fr\/blog\/wp-content\/uploads\/2015\/07\/170515-022_DxO-160x107.jpg 160w, http:\/\/www.sortirdeparisavelo.fr\/blog\/wp-content\/uploads\/2015\/07\/170515-022_DxO-320x213.jpg 320w, http:\/\/www.sortirdeparisavelo.fr\/blog\/wp-content\/uploads\/2015\/07\/170515-022_DxO-676x451.jpg 676w, http:\/\/www.sortirdeparisavelo.fr\/blog\/wp-content\/uploads\/2015\/07\/170515-022_DxO.jpg 1800w\" sizes=\"auto, (max-width: 676px) 100vw, 676px\" \/><\/p>\n<p>Voici la vue de l&rsquo;int\u00e9rieur du tunnel, avec l&rsquo;\u00e9claireur qui informe les cyclistes crois\u00e9s et leur demande de sortir du tunnel ou de rebrousser chemin en pr\u00e9c\u00e9dant le convoi.<\/p>\n<p><img loading=\"lazy\" decoding=\"async\" class=\"aligncenter size-large wp-image-1105\" src=\"http:\/\/www.sortirdeparisavelo.fr\/blog\/wp-content\/uploads\/2015\/07\/170515-016_DxO-1200x800.jpg\" alt=\"170515 016_DxO\" width=\"676\" height=\"451\" srcset=\"http:\/\/www.sortirdeparisavelo.fr\/blog\/wp-content\/uploads\/2015\/07\/170515-016_DxO-1200x800.jpg 1200w, http:\/\/www.sortirdeparisavelo.fr\/blog\/wp-content\/uploads\/2015\/07\/170515-016_DxO-160x107.jpg 160w, http:\/\/www.sortirdeparisavelo.fr\/blog\/wp-content\/uploads\/2015\/07\/170515-016_DxO-320x213.jpg 320w, http:\/\/www.sortirdeparisavelo.fr\/blog\/wp-content\/uploads\/2015\/07\/170515-016_DxO-676x451.jpg 676w, http:\/\/www.sortirdeparisavelo.fr\/blog\/wp-content\/uploads\/2015\/07\/170515-016_DxO.jpg 1800w\" sizes=\"auto, (max-width: 676px) 100vw, 676px\" \/><\/p>\n<p><img loading=\"lazy\" decoding=\"async\" class=\"aligncenter size-large wp-image-1103\" src=\"http:\/\/www.sortirdeparisavelo.fr\/blog\/wp-content\/uploads\/2015\/07\/150524-117_DxO-1200x800.jpg\" alt=\"150524 117_DxO\" width=\"676\" height=\"451\" srcset=\"http:\/\/www.sortirdeparisavelo.fr\/blog\/wp-content\/uploads\/2015\/07\/150524-117_DxO-1200x800.jpg 1200w, http:\/\/www.sortirdeparisavelo.fr\/blog\/wp-content\/uploads\/2015\/07\/150524-117_DxO-160x107.jpg 160w, http:\/\/www.sortirdeparisavelo.fr\/blog\/wp-content\/uploads\/2015\/07\/150524-117_DxO-320x213.jpg 320w, http:\/\/www.sortirdeparisavelo.fr\/blog\/wp-content\/uploads\/2015\/07\/150524-117_DxO-676x451.jpg 676w, http:\/\/www.sortirdeparisavelo.fr\/blog\/wp-content\/uploads\/2015\/07\/150524-117_DxO.jpg 1800w\" sizes=\"auto, (max-width: 676px) 100vw, 676px\" \/><\/p>\n<p>Car, point tr\u00e8s important, les voitures reviennent en roulant lentement (sauf si la voie est vide sous la pluie). Un spectateur \u00e0 v\u00e9lo sur les quais sup\u00e9rieurs a le temps de voir le spectacle sur plusieurs ponts. L&rsquo;avanc\u00e9e de l&rsquo;\u00e9claireur permet donc de rebrousser chemin et non pas de devoir forc\u00e9ment croiser le convoi.<\/p>\n<p>A la sortie du tunnel sur la berge, le spectacle s&rsquo;anime.<\/p>\n<p><img loading=\"lazy\" decoding=\"async\" class=\"aligncenter size-large wp-image-1091\" src=\"http:\/\/www.sortirdeparisavelo.fr\/blog\/wp-content\/uploads\/2015\/07\/150524-018_DxO-1200x800.jpg\" alt=\"150524 018_DxO\" width=\"676\" height=\"451\" srcset=\"http:\/\/www.sortirdeparisavelo.fr\/blog\/wp-content\/uploads\/2015\/07\/150524-018_DxO-1200x800.jpg 1200w, http:\/\/www.sortirdeparisavelo.fr\/blog\/wp-content\/uploads\/2015\/07\/150524-018_DxO-160x107.jpg 160w, http:\/\/www.sortirdeparisavelo.fr\/blog\/wp-content\/uploads\/2015\/07\/150524-018_DxO-320x213.jpg 320w, http:\/\/www.sortirdeparisavelo.fr\/blog\/wp-content\/uploads\/2015\/07\/150524-018_DxO-676x451.jpg 676w, http:\/\/www.sortirdeparisavelo.fr\/blog\/wp-content\/uploads\/2015\/07\/150524-018_DxO.jpg 1800w\" sizes=\"auto, (max-width: 676px) 100vw, 676px\" \/><\/p>\n<p>Voyez-vous la t\u00e2che verte au fond ? C&rsquo;est un v\u00e9hicule de la Mairie de Paris en charge d&rsquo;\u00f4ter la signalisation temporaire le long de la voie, ou quelque chose du genre.<\/p>\n<p>Quelquefois l&rsquo;\u00e9claireur se poste \u00e0 la sortie, le temps que le gros du flux pi\u00e9ton sorte par la berge sur la gauche du tunnel.<\/p>\n<p><img loading=\"lazy\" decoding=\"async\" class=\"aligncenter size-large wp-image-1106\" src=\"http:\/\/www.sortirdeparisavelo.fr\/blog\/wp-content\/uploads\/2015\/07\/150524-144_DxO-1200x800.jpg\" alt=\"150524 144_DxO\" width=\"676\" height=\"451\" srcset=\"http:\/\/www.sortirdeparisavelo.fr\/blog\/wp-content\/uploads\/2015\/07\/150524-144_DxO-1200x800.jpg 1200w, http:\/\/www.sortirdeparisavelo.fr\/blog\/wp-content\/uploads\/2015\/07\/150524-144_DxO-160x107.jpg 160w, http:\/\/www.sortirdeparisavelo.fr\/blog\/wp-content\/uploads\/2015\/07\/150524-144_DxO-320x213.jpg 320w, http:\/\/www.sortirdeparisavelo.fr\/blog\/wp-content\/uploads\/2015\/07\/150524-144_DxO-676x451.jpg 676w, http:\/\/www.sortirdeparisavelo.fr\/blog\/wp-content\/uploads\/2015\/07\/150524-144_DxO.jpg 1800w\" sizes=\"auto, (max-width: 676px) 100vw, 676px\" \/><\/p>\n<p><img loading=\"lazy\" decoding=\"async\" class=\"aligncenter size-large wp-image-1107\" src=\"http:\/\/www.sortirdeparisavelo.fr\/blog\/wp-content\/uploads\/2015\/07\/150614-044_DxO-1200x800.jpg\" alt=\"150614 044_DxO\" width=\"676\" height=\"451\" srcset=\"http:\/\/www.sortirdeparisavelo.fr\/blog\/wp-content\/uploads\/2015\/07\/150614-044_DxO-1200x800.jpg 1200w, http:\/\/www.sortirdeparisavelo.fr\/blog\/wp-content\/uploads\/2015\/07\/150614-044_DxO-160x107.jpg 160w, http:\/\/www.sortirdeparisavelo.fr\/blog\/wp-content\/uploads\/2015\/07\/150614-044_DxO-320x213.jpg 320w, http:\/\/www.sortirdeparisavelo.fr\/blog\/wp-content\/uploads\/2015\/07\/150614-044_DxO-676x451.jpg 676w, http:\/\/www.sortirdeparisavelo.fr\/blog\/wp-content\/uploads\/2015\/07\/150614-044_DxO.jpg 1800w\" sizes=\"auto, (max-width: 676px) 100vw, 676px\" \/><\/p>\n<p>L&rsquo;avanc\u00e9e de l&rsquo;\u00e9claireur se fait ensuite dans un flux pi\u00e9ton plus clairsem\u00e9.<\/p>\n<p><img loading=\"lazy\" decoding=\"async\" class=\"aligncenter size-large wp-image-1108\" src=\"http:\/\/www.sortirdeparisavelo.fr\/blog\/wp-content\/uploads\/2015\/07\/150626-015_DxO-1200x800.jpg\" alt=\"150626 015_DxO\" width=\"676\" height=\"451\" srcset=\"http:\/\/www.sortirdeparisavelo.fr\/blog\/wp-content\/uploads\/2015\/07\/150626-015_DxO-1200x800.jpg 1200w, http:\/\/www.sortirdeparisavelo.fr\/blog\/wp-content\/uploads\/2015\/07\/150626-015_DxO-160x107.jpg 160w, http:\/\/www.sortirdeparisavelo.fr\/blog\/wp-content\/uploads\/2015\/07\/150626-015_DxO-320x213.jpg 320w, http:\/\/www.sortirdeparisavelo.fr\/blog\/wp-content\/uploads\/2015\/07\/150626-015_DxO-676x451.jpg 676w, http:\/\/www.sortirdeparisavelo.fr\/blog\/wp-content\/uploads\/2015\/07\/150626-015_DxO.jpg 1800w\" sizes=\"auto, (max-width: 676px) 100vw, 676px\" \/><\/p>\n<p>On assiste alors aux explications entre l&rsquo;\u00e9claireur et les groupes qu&rsquo;ils rencontrent.<\/p>\n<p><img loading=\"lazy\" decoding=\"async\" class=\"aligncenter size-large wp-image-1110\" src=\"http:\/\/www.sortirdeparisavelo.fr\/blog\/wp-content\/uploads\/2015\/07\/150705-419_DxO-1200x800.jpg\" alt=\"150705 419_DxO\" width=\"676\" height=\"451\" srcset=\"http:\/\/www.sortirdeparisavelo.fr\/blog\/wp-content\/uploads\/2015\/07\/150705-419_DxO-1200x800.jpg 1200w, http:\/\/www.sortirdeparisavelo.fr\/blog\/wp-content\/uploads\/2015\/07\/150705-419_DxO-160x107.jpg 160w, http:\/\/www.sortirdeparisavelo.fr\/blog\/wp-content\/uploads\/2015\/07\/150705-419_DxO-320x213.jpg 320w, http:\/\/www.sortirdeparisavelo.fr\/blog\/wp-content\/uploads\/2015\/07\/150705-419_DxO-676x451.jpg 676w, http:\/\/www.sortirdeparisavelo.fr\/blog\/wp-content\/uploads\/2015\/07\/150705-419_DxO.jpg 1800w\" sizes=\"auto, (max-width: 676px) 100vw, 676px\" \/><\/p>\n<p><img loading=\"lazy\" decoding=\"async\" class=\"aligncenter size-large wp-image-1111\" src=\"http:\/\/www.sortirdeparisavelo.fr\/blog\/wp-content\/uploads\/2015\/07\/150705-424_DxO-1200x800.jpg\" alt=\"150705 424_DxO\" width=\"676\" height=\"451\" srcset=\"http:\/\/www.sortirdeparisavelo.fr\/blog\/wp-content\/uploads\/2015\/07\/150705-424_DxO-1200x800.jpg 1200w, http:\/\/www.sortirdeparisavelo.fr\/blog\/wp-content\/uploads\/2015\/07\/150705-424_DxO-160x107.jpg 160w, http:\/\/www.sortirdeparisavelo.fr\/blog\/wp-content\/uploads\/2015\/07\/150705-424_DxO-320x213.jpg 320w, http:\/\/www.sortirdeparisavelo.fr\/blog\/wp-content\/uploads\/2015\/07\/150705-424_DxO-676x451.jpg 676w, http:\/\/www.sortirdeparisavelo.fr\/blog\/wp-content\/uploads\/2015\/07\/150705-424_DxO.jpg 1800w\" sizes=\"auto, (max-width: 676px) 100vw, 676px\" \/><\/p>\n<p><img loading=\"lazy\" decoding=\"async\" class=\"aligncenter size-large wp-image-1112\" src=\"http:\/\/www.sortirdeparisavelo.fr\/blog\/wp-content\/uploads\/2015\/07\/150705-426_DxO-1200x800.jpg\" alt=\"150705 426_DxO\" width=\"676\" height=\"451\" srcset=\"http:\/\/www.sortirdeparisavelo.fr\/blog\/wp-content\/uploads\/2015\/07\/150705-426_DxO-1200x800.jpg 1200w, http:\/\/www.sortirdeparisavelo.fr\/blog\/wp-content\/uploads\/2015\/07\/150705-426_DxO-160x107.jpg 160w, http:\/\/www.sortirdeparisavelo.fr\/blog\/wp-content\/uploads\/2015\/07\/150705-426_DxO-320x213.jpg 320w, http:\/\/www.sortirdeparisavelo.fr\/blog\/wp-content\/uploads\/2015\/07\/150705-426_DxO-676x451.jpg 676w, http:\/\/www.sortirdeparisavelo.fr\/blog\/wp-content\/uploads\/2015\/07\/150705-426_DxO.jpg 1800w\" sizes=\"auto, (max-width: 676px) 100vw, 676px\" \/><\/p>\n<p>Les cyclistes rebroussent chemin en allant plus vite que le convoi, les pi\u00e9tons sortent par la berge ou les escaliers. Les personnes en fauteuil roulant, elles, rebroussent chemin \u00e0 leur rythme.<\/p>\n<p><img loading=\"lazy\" decoding=\"async\" class=\"aligncenter size-large wp-image-1113\" src=\"http:\/\/www.sortirdeparisavelo.fr\/blog\/wp-content\/uploads\/2015\/07\/150626-022_DxO-1200x800.jpg\" alt=\"150626 022_DxO\" width=\"676\" height=\"451\" srcset=\"http:\/\/www.sortirdeparisavelo.fr\/blog\/wp-content\/uploads\/2015\/07\/150626-022_DxO-1200x800.jpg 1200w, http:\/\/www.sortirdeparisavelo.fr\/blog\/wp-content\/uploads\/2015\/07\/150626-022_DxO-160x107.jpg 160w, http:\/\/www.sortirdeparisavelo.fr\/blog\/wp-content\/uploads\/2015\/07\/150626-022_DxO-320x213.jpg 320w, http:\/\/www.sortirdeparisavelo.fr\/blog\/wp-content\/uploads\/2015\/07\/150626-022_DxO-676x451.jpg 676w, http:\/\/www.sortirdeparisavelo.fr\/blog\/wp-content\/uploads\/2015\/07\/150626-022_DxO.jpg 1800w\" sizes=\"auto, (max-width: 676px) 100vw, 676px\" \/><\/p>\n<p><img loading=\"lazy\" decoding=\"async\" class=\"aligncenter size-large wp-image-1114\" src=\"http:\/\/www.sortirdeparisavelo.fr\/blog\/wp-content\/uploads\/2015\/07\/150626-023_DxO-1200x800.jpg\" alt=\"150626 023_DxO\" width=\"676\" height=\"451\" srcset=\"http:\/\/www.sortirdeparisavelo.fr\/blog\/wp-content\/uploads\/2015\/07\/150626-023_DxO-1200x800.jpg 1200w, http:\/\/www.sortirdeparisavelo.fr\/blog\/wp-content\/uploads\/2015\/07\/150626-023_DxO-160x107.jpg 160w, http:\/\/www.sortirdeparisavelo.fr\/blog\/wp-content\/uploads\/2015\/07\/150626-023_DxO-320x213.jpg 320w, http:\/\/www.sortirdeparisavelo.fr\/blog\/wp-content\/uploads\/2015\/07\/150626-023_DxO-676x451.jpg 676w, http:\/\/www.sortirdeparisavelo.fr\/blog\/wp-content\/uploads\/2015\/07\/150626-023_DxO.jpg 1800w\" sizes=\"auto, (max-width: 676px) 100vw, 676px\" \/><\/p>\n<p>Puis le flux des motoris\u00e9s sort enfin du tunnel.<\/p>\n<p><img loading=\"lazy\" decoding=\"async\" class=\"aligncenter size-large wp-image-1115\" src=\"http:\/\/www.sortirdeparisavelo.fr\/blog\/wp-content\/uploads\/2015\/07\/150614-067_DxO-1200x800.jpg\" alt=\"150614 067_DxO\" width=\"676\" height=\"451\" srcset=\"http:\/\/www.sortirdeparisavelo.fr\/blog\/wp-content\/uploads\/2015\/07\/150614-067_DxO-1200x800.jpg 1200w, http:\/\/www.sortirdeparisavelo.fr\/blog\/wp-content\/uploads\/2015\/07\/150614-067_DxO-160x107.jpg 160w, http:\/\/www.sortirdeparisavelo.fr\/blog\/wp-content\/uploads\/2015\/07\/150614-067_DxO-320x213.jpg 320w, http:\/\/www.sortirdeparisavelo.fr\/blog\/wp-content\/uploads\/2015\/07\/150614-067_DxO-676x451.jpg 676w, http:\/\/www.sortirdeparisavelo.fr\/blog\/wp-content\/uploads\/2015\/07\/150614-067_DxO.jpg 1800w\" sizes=\"auto, (max-width: 676px) 100vw, 676px\" \/><\/p>\n<p>Plus loin du tunnel, on peut retomber sur une foule de nouveau dense. Cette fois-ci, le seul moyen d&rsquo;\u00e9vacuation est par les rampes montant sur les quais.<\/p>\n<p><img loading=\"lazy\" decoding=\"async\" class=\"aligncenter size-large wp-image-1109\" src=\"http:\/\/www.sortirdeparisavelo.fr\/blog\/wp-content\/uploads\/2015\/07\/150524-152_DxO-1200x800.jpg\" alt=\"150524 152_DxO\" width=\"676\" height=\"451\" srcset=\"http:\/\/www.sortirdeparisavelo.fr\/blog\/wp-content\/uploads\/2015\/07\/150524-152_DxO-1200x800.jpg 1200w, http:\/\/www.sortirdeparisavelo.fr\/blog\/wp-content\/uploads\/2015\/07\/150524-152_DxO-160x107.jpg 160w, http:\/\/www.sortirdeparisavelo.fr\/blog\/wp-content\/uploads\/2015\/07\/150524-152_DxO-320x213.jpg 320w, http:\/\/www.sortirdeparisavelo.fr\/blog\/wp-content\/uploads\/2015\/07\/150524-152_DxO-676x451.jpg 676w, http:\/\/www.sortirdeparisavelo.fr\/blog\/wp-content\/uploads\/2015\/07\/150524-152_DxO.jpg 1800w\" sizes=\"auto, (max-width: 676px) 100vw, 676px\" \/><\/p>\n<p>Les cyclistes sont alors les premiers \u00e0 partir.<\/p>\n<p><img loading=\"lazy\" decoding=\"async\" class=\"aligncenter size-large wp-image-1117\" src=\"http:\/\/www.sortirdeparisavelo.fr\/blog\/wp-content\/uploads\/2015\/07\/150524-180_DxO-1200x800.jpg\" alt=\"150524 180_DxO\" width=\"676\" height=\"451\" srcset=\"http:\/\/www.sortirdeparisavelo.fr\/blog\/wp-content\/uploads\/2015\/07\/150524-180_DxO-1200x800.jpg 1200w, http:\/\/www.sortirdeparisavelo.fr\/blog\/wp-content\/uploads\/2015\/07\/150524-180_DxO-160x107.jpg 160w, http:\/\/www.sortirdeparisavelo.fr\/blog\/wp-content\/uploads\/2015\/07\/150524-180_DxO-320x213.jpg 320w, http:\/\/www.sortirdeparisavelo.fr\/blog\/wp-content\/uploads\/2015\/07\/150524-180_DxO-676x451.jpg 676w, http:\/\/www.sortirdeparisavelo.fr\/blog\/wp-content\/uploads\/2015\/07\/150524-180_DxO.jpg 1800w\" sizes=\"auto, (max-width: 676px) 100vw, 676px\" \/><\/p>\n<p>Puis les pi\u00e9tons suivent.<\/p>\n<p><img loading=\"lazy\" decoding=\"async\" class=\"aligncenter size-large wp-image-1118\" src=\"http:\/\/www.sortirdeparisavelo.fr\/blog\/wp-content\/uploads\/2015\/07\/150524-183_DxO-1200x800.jpg\" alt=\"150524 183_DxO\" width=\"676\" height=\"451\" srcset=\"http:\/\/www.sortirdeparisavelo.fr\/blog\/wp-content\/uploads\/2015\/07\/150524-183_DxO-1200x800.jpg 1200w, http:\/\/www.sortirdeparisavelo.fr\/blog\/wp-content\/uploads\/2015\/07\/150524-183_DxO-160x107.jpg 160w, http:\/\/www.sortirdeparisavelo.fr\/blog\/wp-content\/uploads\/2015\/07\/150524-183_DxO-320x213.jpg 320w, http:\/\/www.sortirdeparisavelo.fr\/blog\/wp-content\/uploads\/2015\/07\/150524-183_DxO-676x451.jpg 676w, http:\/\/www.sortirdeparisavelo.fr\/blog\/wp-content\/uploads\/2015\/07\/150524-183_DxO.jpg 1800w\" sizes=\"auto, (max-width: 676px) 100vw, 676px\" \/><\/p>\n<p>On peut voir aussi sur cette premi\u00e8re rampe les motards s&rsquo;extraire du flux trop lent pour eux, les pi\u00e9tons se tassent alors sur les trottoirs.<\/p>\n<p><img loading=\"lazy\" decoding=\"async\" class=\"aligncenter size-large wp-image-1119\" src=\"http:\/\/www.sortirdeparisavelo.fr\/blog\/wp-content\/uploads\/2015\/07\/150524-192_DxO-1200x800.jpg\" alt=\"150524 192_DxO\" width=\"676\" height=\"451\" srcset=\"http:\/\/www.sortirdeparisavelo.fr\/blog\/wp-content\/uploads\/2015\/07\/150524-192_DxO-1200x800.jpg 1200w, http:\/\/www.sortirdeparisavelo.fr\/blog\/wp-content\/uploads\/2015\/07\/150524-192_DxO-160x107.jpg 160w, http:\/\/www.sortirdeparisavelo.fr\/blog\/wp-content\/uploads\/2015\/07\/150524-192_DxO-320x213.jpg 320w, http:\/\/www.sortirdeparisavelo.fr\/blog\/wp-content\/uploads\/2015\/07\/150524-192_DxO-676x451.jpg 676w, http:\/\/www.sortirdeparisavelo.fr\/blog\/wp-content\/uploads\/2015\/07\/150524-192_DxO.jpg 1800w\" sizes=\"auto, (max-width: 676px) 100vw, 676px\" \/><\/p>\n<p>Et enfin, quelques automobilistes dont le GPS ignorait s\u00fbrement ce qui se passe pourtant chaque semaine ou presque \u00e0 cette heure.<\/p>\n<p><img loading=\"lazy\" decoding=\"async\" class=\"aligncenter size-large wp-image-1122\" src=\"http:\/\/www.sortirdeparisavelo.fr\/blog\/wp-content\/uploads\/2015\/07\/150524-198_DxO-1200x800.jpg\" alt=\"150524 198_DxO\" width=\"676\" height=\"451\" srcset=\"http:\/\/www.sortirdeparisavelo.fr\/blog\/wp-content\/uploads\/2015\/07\/150524-198_DxO-1200x800.jpg 1200w, http:\/\/www.sortirdeparisavelo.fr\/blog\/wp-content\/uploads\/2015\/07\/150524-198_DxO-160x107.jpg 160w, http:\/\/www.sortirdeparisavelo.fr\/blog\/wp-content\/uploads\/2015\/07\/150524-198_DxO-320x213.jpg 320w, http:\/\/www.sortirdeparisavelo.fr\/blog\/wp-content\/uploads\/2015\/07\/150524-198_DxO-676x451.jpg 676w, http:\/\/www.sortirdeparisavelo.fr\/blog\/wp-content\/uploads\/2015\/07\/150524-198_DxO.jpg 1800w\" sizes=\"auto, (max-width: 676px) 100vw, 676px\" \/><\/p>\n<p>Plus loin, le spectacle se r\u00e9p\u00e8te, avec moins d&rsquo;intensit\u00e9, la densit\u00e9 pi\u00e9tonne allant en diminuant en s&rsquo;\u00e9loignant du centre.<\/p>\n<p><img loading=\"lazy\" decoding=\"async\" class=\"aligncenter size-large wp-image-1121\" src=\"http:\/\/www.sortirdeparisavelo.fr\/blog\/wp-content\/uploads\/2015\/07\/170515-041_DxO-1200x800.jpg\" alt=\"170515 041_DxO\" width=\"676\" height=\"451\" srcset=\"http:\/\/www.sortirdeparisavelo.fr\/blog\/wp-content\/uploads\/2015\/07\/170515-041_DxO-1200x800.jpg 1200w, http:\/\/www.sortirdeparisavelo.fr\/blog\/wp-content\/uploads\/2015\/07\/170515-041_DxO-160x107.jpg 160w, http:\/\/www.sortirdeparisavelo.fr\/blog\/wp-content\/uploads\/2015\/07\/170515-041_DxO-320x213.jpg 320w, http:\/\/www.sortirdeparisavelo.fr\/blog\/wp-content\/uploads\/2015\/07\/170515-041_DxO-676x451.jpg 676w, http:\/\/www.sortirdeparisavelo.fr\/blog\/wp-content\/uploads\/2015\/07\/170515-041_DxO.jpg 1800w\" sizes=\"auto, (max-width: 676px) 100vw, 676px\" \/><\/p>\n<p><img loading=\"lazy\" decoding=\"async\" class=\"aligncenter size-large wp-image-1123\" src=\"http:\/\/www.sortirdeparisavelo.fr\/blog\/wp-content\/uploads\/2015\/07\/150614-077_DxO-1200x800.jpg\" alt=\"150614 077_DxO\" width=\"676\" height=\"451\" srcset=\"http:\/\/www.sortirdeparisavelo.fr\/blog\/wp-content\/uploads\/2015\/07\/150614-077_DxO-1200x800.jpg 1200w, http:\/\/www.sortirdeparisavelo.fr\/blog\/wp-content\/uploads\/2015\/07\/150614-077_DxO-160x107.jpg 160w, http:\/\/www.sortirdeparisavelo.fr\/blog\/wp-content\/uploads\/2015\/07\/150614-077_DxO-320x213.jpg 320w, http:\/\/www.sortirdeparisavelo.fr\/blog\/wp-content\/uploads\/2015\/07\/150614-077_DxO-676x451.jpg 676w, http:\/\/www.sortirdeparisavelo.fr\/blog\/wp-content\/uploads\/2015\/07\/150614-077_DxO.jpg 1800w\" sizes=\"auto, (max-width: 676px) 100vw, 676px\" \/><\/p>\n<p><img loading=\"lazy\" decoding=\"async\" class=\"aligncenter size-large wp-image-1129\" src=\"http:\/\/www.sortirdeparisavelo.fr\/blog\/wp-content\/uploads\/2015\/07\/170515-038_DxO-1200x800.jpg\" alt=\"170515 038_DxO\" width=\"676\" height=\"451\" srcset=\"http:\/\/www.sortirdeparisavelo.fr\/blog\/wp-content\/uploads\/2015\/07\/170515-038_DxO-1200x800.jpg 1200w, http:\/\/www.sortirdeparisavelo.fr\/blog\/wp-content\/uploads\/2015\/07\/170515-038_DxO-160x107.jpg 160w, http:\/\/www.sortirdeparisavelo.fr\/blog\/wp-content\/uploads\/2015\/07\/170515-038_DxO-320x213.jpg 320w, http:\/\/www.sortirdeparisavelo.fr\/blog\/wp-content\/uploads\/2015\/07\/170515-038_DxO-676x451.jpg 676w, http:\/\/www.sortirdeparisavelo.fr\/blog\/wp-content\/uploads\/2015\/07\/170515-038_DxO.jpg 1800w\" sizes=\"auto, (max-width: 676px) 100vw, 676px\" \/><\/p>\n<p>Mais quelquefois le convoi a le temps de rattraper les pi\u00e9tons, qui n&rsquo;ont qu&rsquo;un plus que le petit trottoir pour se tasser.<\/p>\n<p><img loading=\"lazy\" decoding=\"async\" class=\"aligncenter size-large wp-image-1128\" src=\"http:\/\/www.sortirdeparisavelo.fr\/blog\/wp-content\/uploads\/2015\/07\/170515-049_DxO-1200x800.jpg\" alt=\"170515 049_DxO\" width=\"676\" height=\"451\" srcset=\"http:\/\/www.sortirdeparisavelo.fr\/blog\/wp-content\/uploads\/2015\/07\/170515-049_DxO-1200x800.jpg 1200w, http:\/\/www.sortirdeparisavelo.fr\/blog\/wp-content\/uploads\/2015\/07\/170515-049_DxO-160x107.jpg 160w, http:\/\/www.sortirdeparisavelo.fr\/blog\/wp-content\/uploads\/2015\/07\/170515-049_DxO-320x213.jpg 320w, http:\/\/www.sortirdeparisavelo.fr\/blog\/wp-content\/uploads\/2015\/07\/170515-049_DxO-676x451.jpg 676w, http:\/\/www.sortirdeparisavelo.fr\/blog\/wp-content\/uploads\/2015\/07\/170515-049_DxO.jpg 1800w\" sizes=\"auto, (max-width: 676px) 100vw, 676px\" \/><\/p>\n<p>Les rencontres entre les derniers attard\u00e9s et le convoi permettent quelques photos symboliques.<\/p>\n<p><img loading=\"lazy\" decoding=\"async\" class=\"aligncenter size-large wp-image-1124\" src=\"http:\/\/www.sortirdeparisavelo.fr\/blog\/wp-content\/uploads\/2015\/07\/150614-111_DxO-1200x800.jpg\" alt=\"150614 111_DxO\" width=\"676\" height=\"451\" srcset=\"http:\/\/www.sortirdeparisavelo.fr\/blog\/wp-content\/uploads\/2015\/07\/150614-111_DxO-1200x800.jpg 1200w, http:\/\/www.sortirdeparisavelo.fr\/blog\/wp-content\/uploads\/2015\/07\/150614-111_DxO-160x107.jpg 160w, http:\/\/www.sortirdeparisavelo.fr\/blog\/wp-content\/uploads\/2015\/07\/150614-111_DxO-320x213.jpg 320w, http:\/\/www.sortirdeparisavelo.fr\/blog\/wp-content\/uploads\/2015\/07\/150614-111_DxO-676x451.jpg 676w, http:\/\/www.sortirdeparisavelo.fr\/blog\/wp-content\/uploads\/2015\/07\/150614-111_DxO.jpg 1800w\" sizes=\"auto, (max-width: 676px) 100vw, 676px\" \/><\/p>\n<p><img loading=\"lazy\" decoding=\"async\" class=\"aligncenter size-large wp-image-1125\" src=\"http:\/\/www.sortirdeparisavelo.fr\/blog\/wp-content\/uploads\/2015\/07\/150626-031_DxO-1200x800.jpg\" alt=\"150626 031_DxO\" width=\"676\" height=\"451\" srcset=\"http:\/\/www.sortirdeparisavelo.fr\/blog\/wp-content\/uploads\/2015\/07\/150626-031_DxO-1200x800.jpg 1200w, http:\/\/www.sortirdeparisavelo.fr\/blog\/wp-content\/uploads\/2015\/07\/150626-031_DxO-160x107.jpg 160w, http:\/\/www.sortirdeparisavelo.fr\/blog\/wp-content\/uploads\/2015\/07\/150626-031_DxO-320x213.jpg 320w, http:\/\/www.sortirdeparisavelo.fr\/blog\/wp-content\/uploads\/2015\/07\/150626-031_DxO-676x451.jpg 676w, http:\/\/www.sortirdeparisavelo.fr\/blog\/wp-content\/uploads\/2015\/07\/150626-031_DxO.jpg 1800w\" sizes=\"auto, (max-width: 676px) 100vw, 676px\" \/><\/p>\n<p><img loading=\"lazy\" decoding=\"async\" class=\"aligncenter size-large wp-image-1140\" src=\"http:\/\/www.sortirdeparisavelo.fr\/blog\/wp-content\/uploads\/2015\/07\/150705-452_DxO-1200x800.jpg\" alt=\"150705 452_DxO\" width=\"676\" height=\"451\" srcset=\"http:\/\/www.sortirdeparisavelo.fr\/blog\/wp-content\/uploads\/2015\/07\/150705-452_DxO-1200x800.jpg 1200w, http:\/\/www.sortirdeparisavelo.fr\/blog\/wp-content\/uploads\/2015\/07\/150705-452_DxO-160x107.jpg 160w, http:\/\/www.sortirdeparisavelo.fr\/blog\/wp-content\/uploads\/2015\/07\/150705-452_DxO-320x213.jpg 320w, http:\/\/www.sortirdeparisavelo.fr\/blog\/wp-content\/uploads\/2015\/07\/150705-452_DxO-676x451.jpg 676w, http:\/\/www.sortirdeparisavelo.fr\/blog\/wp-content\/uploads\/2015\/07\/150705-452_DxO.jpg 1800w\" sizes=\"auto, (max-width: 676px) 100vw, 676px\" \/><\/p>\n<p>Mais le spectacle le plus symbolique est bien celui de dizaines de voitures devant suivre une personne en fauteuil roulant.<\/p>\n<p>Sans coup de klaxon, gr\u00e2ce \u00e0 la pr\u00e9sence polici\u00e8re.<\/p>\n<p><img loading=\"lazy\" decoding=\"async\" class=\"aligncenter size-large wp-image-1130\" src=\"http:\/\/www.sortirdeparisavelo.fr\/blog\/wp-content\/uploads\/2015\/07\/150524-214_DxO-1200x800.jpg\" alt=\"150524 214_DxO\" width=\"676\" height=\"451\" srcset=\"http:\/\/www.sortirdeparisavelo.fr\/blog\/wp-content\/uploads\/2015\/07\/150524-214_DxO-1200x800.jpg 1200w, http:\/\/www.sortirdeparisavelo.fr\/blog\/wp-content\/uploads\/2015\/07\/150524-214_DxO-160x107.jpg 160w, http:\/\/www.sortirdeparisavelo.fr\/blog\/wp-content\/uploads\/2015\/07\/150524-214_DxO-320x213.jpg 320w, http:\/\/www.sortirdeparisavelo.fr\/blog\/wp-content\/uploads\/2015\/07\/150524-214_DxO-676x451.jpg 676w, http:\/\/www.sortirdeparisavelo.fr\/blog\/wp-content\/uploads\/2015\/07\/150524-214_DxO.jpg 1800w\" sizes=\"auto, (max-width: 676px) 100vw, 676px\" \/><\/p>\n<p><img loading=\"lazy\" decoding=\"async\" class=\"aligncenter size-large wp-image-1131\" src=\"http:\/\/www.sortirdeparisavelo.fr\/blog\/wp-content\/uploads\/2015\/07\/150524-221_DxO-533x800.jpg\" alt=\"150524 221_DxO\" width=\"533\" height=\"800\" srcset=\"http:\/\/www.sortirdeparisavelo.fr\/blog\/wp-content\/uploads\/2015\/07\/150524-221_DxO-533x800.jpg 533w, http:\/\/www.sortirdeparisavelo.fr\/blog\/wp-content\/uploads\/2015\/07\/150524-221_DxO-80x120.jpg 80w, http:\/\/www.sortirdeparisavelo.fr\/blog\/wp-content\/uploads\/2015\/07\/150524-221_DxO-160x240.jpg 160w, http:\/\/www.sortirdeparisavelo.fr\/blog\/wp-content\/uploads\/2015\/07\/150524-221_DxO-676x1014.jpg 676w, http:\/\/www.sortirdeparisavelo.fr\/blog\/wp-content\/uploads\/2015\/07\/150524-221_DxO.jpg 1200w\" sizes=\"auto, (max-width: 533px) 100vw, 533px\" \/><\/p>\n<p>Plus loin, le convoi rencontre la foule sur les parties plus larges de la berge.<\/p>\n<p>La transition eut d&rsquo;ailleurs lieu en plein concert pendant la F\u00eate de la Musique.<\/p>\n<p><img loading=\"lazy\" decoding=\"async\" class=\"aligncenter size-large wp-image-1139\" src=\"http:\/\/www.sortirdeparisavelo.fr\/blog\/wp-content\/uploads\/2015\/07\/150626-039_DxO-1200x800.jpg\" alt=\"150626 039_DxO\" width=\"676\" height=\"451\" srcset=\"http:\/\/www.sortirdeparisavelo.fr\/blog\/wp-content\/uploads\/2015\/07\/150626-039_DxO-1200x800.jpg 1200w, http:\/\/www.sortirdeparisavelo.fr\/blog\/wp-content\/uploads\/2015\/07\/150626-039_DxO-160x107.jpg 160w, http:\/\/www.sortirdeparisavelo.fr\/blog\/wp-content\/uploads\/2015\/07\/150626-039_DxO-320x213.jpg 320w, http:\/\/www.sortirdeparisavelo.fr\/blog\/wp-content\/uploads\/2015\/07\/150626-039_DxO-676x451.jpg 676w, http:\/\/www.sortirdeparisavelo.fr\/blog\/wp-content\/uploads\/2015\/07\/150626-039_DxO.jpg 1800w\" sizes=\"auto, (max-width: 676px) 100vw, 676px\" \/><\/p>\n<p><img loading=\"lazy\" decoding=\"async\" class=\"aligncenter size-large wp-image-1141\" src=\"http:\/\/www.sortirdeparisavelo.fr\/blog\/wp-content\/uploads\/2015\/07\/150607-440_DxO-1200x800.jpg\" alt=\"150607 440_DxO\" width=\"676\" height=\"451\" srcset=\"http:\/\/www.sortirdeparisavelo.fr\/blog\/wp-content\/uploads\/2015\/07\/150607-440_DxO-1200x800.jpg 1200w, http:\/\/www.sortirdeparisavelo.fr\/blog\/wp-content\/uploads\/2015\/07\/150607-440_DxO-160x107.jpg 160w, http:\/\/www.sortirdeparisavelo.fr\/blog\/wp-content\/uploads\/2015\/07\/150607-440_DxO-320x213.jpg 320w, http:\/\/www.sortirdeparisavelo.fr\/blog\/wp-content\/uploads\/2015\/07\/150607-440_DxO-676x451.jpg 676w, http:\/\/www.sortirdeparisavelo.fr\/blog\/wp-content\/uploads\/2015\/07\/150607-440_DxO.jpg 1800w\" sizes=\"auto, (max-width: 676px) 100vw, 676px\" \/><\/p>\n<p>La galerie \u00e0 la fin de l&rsquo;article contient une soixantaine de photos de cette berge lors de la transition.<\/p>\n<p>2015-2016 pourrait marquer les 30 ou 40 derni\u00e8res repr\u00e9sentations de ce spectacle avant la pi\u00e9tonnisation de la berge.<\/p>\n<p><img loading=\"lazy\" decoding=\"async\" class=\"aligncenter size-large wp-image-1132\" src=\"http:\/\/www.sortirdeparisavelo.fr\/blog\/wp-content\/uploads\/2015\/07\/150720-193_DxO-1200x800.jpg\" alt=\"150720 193_DxO\" width=\"676\" height=\"451\" srcset=\"http:\/\/www.sortirdeparisavelo.fr\/blog\/wp-content\/uploads\/2015\/07\/150720-193_DxO-1200x800.jpg 1200w, http:\/\/www.sortirdeparisavelo.fr\/blog\/wp-content\/uploads\/2015\/07\/150720-193_DxO-160x107.jpg 160w, http:\/\/www.sortirdeparisavelo.fr\/blog\/wp-content\/uploads\/2015\/07\/150720-193_DxO-320x213.jpg 320w, http:\/\/www.sortirdeparisavelo.fr\/blog\/wp-content\/uploads\/2015\/07\/150720-193_DxO-676x451.jpg 676w, http:\/\/www.sortirdeparisavelo.fr\/blog\/wp-content\/uploads\/2015\/07\/150720-193_DxO.jpg 1800w\" sizes=\"auto, (max-width: 676px) 100vw, 676px\" \/><\/p>\n<p>La pi\u00e9tonnisation de cette berge semble d&rsquo;ailleurs si \u00e9vidente aux touristes que certains continuent de s&rsquo;engager bien apr\u00e8s que la voie a \u00e9t\u00e9 rendue aux voitures.<\/p>\n<p><img loading=\"lazy\" decoding=\"async\" class=\"aligncenter size-large wp-image-1143\" src=\"http:\/\/www.sortirdeparisavelo.fr\/blog\/wp-content\/uploads\/2015\/07\/parisrespirait2-2-1200x800.jpg\" alt=\"parisrespirait2 (2)\" width=\"676\" height=\"451\" srcset=\"http:\/\/www.sortirdeparisavelo.fr\/blog\/wp-content\/uploads\/2015\/07\/parisrespirait2-2-1200x800.jpg 1200w, http:\/\/www.sortirdeparisavelo.fr\/blog\/wp-content\/uploads\/2015\/07\/parisrespirait2-2-160x107.jpg 160w, http:\/\/www.sortirdeparisavelo.fr\/blog\/wp-content\/uploads\/2015\/07\/parisrespirait2-2-320x213.jpg 320w, http:\/\/www.sortirdeparisavelo.fr\/blog\/wp-content\/uploads\/2015\/07\/parisrespirait2-2-676x451.jpg 676w, http:\/\/www.sortirdeparisavelo.fr\/blog\/wp-content\/uploads\/2015\/07\/parisrespirait2-2.jpg 1800w\" sizes=\"auto, (max-width: 676px) 100vw, 676px\" \/><\/p>\n<p>A d\u00e9faut de voir le spectacle en vrai, en voici une vid\u00e9o acc\u00e9l\u00e9r\u00e9e :<\/p>\n<p><iframe loading=\"lazy\" title=\"Quand Paris arr\u00eate de respirer - Timelapse Voie Georges Pompidou Dimanche 17h\" width=\"676\" height=\"380\" src=\"https:\/\/www.youtube.com\/embed\/CiL-tf3s9Kg?feature=oembed\" frameborder=\"0\" allow=\"accelerometer; autoplay; clipboard-write; encrypted-media; gyroscope; picture-in-picture; web-share\" referrerpolicy=\"strict-origin-when-cross-origin\" allowfullscreen><\/iframe><\/p>\n<p>La transition se fait \u00e0 1 minute environ, au milieu de la vid\u00e9o.<\/p>\n<p>On voit m\u00eame un policier du convoi sortir d&rsquo;une des deux voitures pour aller pr\u00e9venir un cycliste semblant continuer.<\/p>\n<p>A noter avant de conclure par la galerie : c&rsquo;est beaucoup moins connu, mais la Voie Georges Pompidou ferme aussi tous les quinze jours la nuit du Lundi soir, pour nettoyage. Je pense qu&rsquo;on demandera gentiment \u00e0 un cycliste de partir, mais les pi\u00e9tons noctambules sont largement tol\u00e9r\u00e9s.<\/p>\n<p><img loading=\"lazy\" decoding=\"async\" class=\"aligncenter size-large wp-image-1134\" src=\"http:\/\/www.sortirdeparisavelo.fr\/blog\/wp-content\/uploads\/2015\/07\/150519-070_DxO-1200x800.jpg\" alt=\"150519 070_DxO\" width=\"676\" height=\"451\" srcset=\"http:\/\/www.sortirdeparisavelo.fr\/blog\/wp-content\/uploads\/2015\/07\/150519-070_DxO-1200x800.jpg 1200w, http:\/\/www.sortirdeparisavelo.fr\/blog\/wp-content\/uploads\/2015\/07\/150519-070_DxO-160x107.jpg 160w, http:\/\/www.sortirdeparisavelo.fr\/blog\/wp-content\/uploads\/2015\/07\/150519-070_DxO-320x213.jpg 320w, http:\/\/www.sortirdeparisavelo.fr\/blog\/wp-content\/uploads\/2015\/07\/150519-070_DxO-676x451.jpg 676w, http:\/\/www.sortirdeparisavelo.fr\/blog\/wp-content\/uploads\/2015\/07\/150519-070_DxO.jpg 1800w\" sizes=\"auto, (max-width: 676px) 100vw, 676px\" \/><\/p>\n<p>Galerie des photos de l&rsquo;article et d&rsquo;autres photos de la transition :<\/p>\n<style id=\"bwg-style-0\">    #bwg_container1_0 #bwg_container2_0 .bwg-container-0.bwg-standard-thumbnails {      width: 904px;              justify-content: center;        margin:0 auto !important;              background-color: rgba(255, 255, 255, 0.00);            padding-left: 4px;      padding-top: 4px;      max-width: 100%;            }        #bwg_container1_0 #bwg_container2_0 .bwg-container-0.bwg-standard-thumbnails .bwg-item {    justify-content: flex-start;      max-width: 180px;            width: 180px !important;          }    #bwg_container1_0 #bwg_container2_0 .bwg-container-0.bwg-standard-thumbnails .bwg-item a {       margin-right: 4px;       margin-bottom: 4px;    }    #bwg_container1_0 #bwg_container2_0 .bwg-container-0.bwg-standard-thumbnails .bwg-item0 {      padding: 0px;            background-color:rgba(255,255,255, 0.30);      border: 0px none #CCCCCC;      opacity: 1.00;      border-radius: 0;      box-shadow: 0px 0px 0px #888888;    }    #bwg_container1_0 #bwg_container2_0 .bwg-container-0.bwg-standard-thumbnails .bwg-item1 img {      max-height: none;      max-width: none;      padding: 0 !important;    }        @media only screen and (min-width: 480px) {      #bwg_container1_0 #bwg_container2_0 .bwg-container-0.bwg-standard-thumbnails .bwg-item0 {        transition: all 0.3s ease 0s;-webkit-transition: all 0.3s ease 0s;      }      #bwg_container1_0 #bwg_container2_0 .bwg-container-0.bwg-standard-thumbnails .bwg-item0:hover {        -ms-transform: scale(1.1);        -webkit-transform: scale(1.1);        transform: scale(1.1);      }    }          #bwg_container1_0 #bwg_container2_0 .bwg-container-0.bwg-standard-thumbnails .bwg-item1 {      padding-top: 50%;    }        #bwg_container1_0 #bwg_container2_0 .bwg-container-0.bwg-standard-thumbnails .bwg-title2,    #bwg_container1_0 #bwg_container2_0 .bwg-container-0.bwg-standard-thumbnails .bwg-ecommerce2 {      color: #CCCCCC;      font-family: segoe ui;      font-size: 16px;      font-weight: bold;      padding: 2px;      text-shadow: 0px 0px 0px #888888;      max-height: 100%;    }    #bwg_container1_0 #bwg_container2_0 .bwg-container-0.bwg-standard-thumbnails .bwg-thumb-description span {    color: #323A45;    font-family: Ubuntu;    font-size: 12px;    max-height: 100%;    word-wrap: break-word;    }    #bwg_container1_0 #bwg_container2_0 .bwg-container-0.bwg-standard-thumbnails .bwg-play-icon2 {      font-size: 32px;    }    #bwg_container1_0 #bwg_container2_0 .bwg-container-0.bwg-standard-thumbnails .bwg-ecommerce2 {      font-size: 19.2px;      color: #CCCCCC;    }    <\/style>    <div id=\"bwg_container1_0\"         class=\"bwg_container bwg_thumbnail bwg_thumbnails \"         data-right-click-protection=\"0\"         data-bwg=\"0\"         data-scroll=\"0\"         data-gallery-type=\"thumbnails\"         data-gallery-view-type=\"thumbnails\"         data-current-url=\"\/blog\/wp-json\/wp\/v2\/posts\/1085\"         data-lightbox-url=\"http:\/\/www.sortirdeparisavelo.fr\/blog\/wp-admin\/admin-ajax.php?action=GalleryBox&#038;current_view=0&#038;gallery_id=31&#038;tag=0&#038;theme_id=1&#038;shortcode_id=37&#038;sort_by=order&#038;order_by=asc&#038;current_url=%2Fblog%2Fwp-json%2Fwp%2Fv2%2Fposts%2F1085\"         data-gallery-id=\"31\"         data-popup-width=\"800\"         data-popup-height=\"500\"         data-is-album=\"gallery\"         data-buttons-position=\"bottom\">      <div id=\"bwg_container2_0\">             <div id=\"ajax_loading_0\" class=\"bwg_loading_div_1\">      <div class=\"bwg_loading_div_2\">        <div class=\"bwg_loading_div_3\">          <div id=\"loading_div_0\" class=\"bwg_spider_ajax_loading\">          <\/div>        <\/div>      <\/div>    <\/div>            <form id=\"gal_front_form_0\"              class=\"bwg-hidden\"              method=\"post\"              action=\"#\"              data-current=\"0\"              data-shortcode-id=\"37\"              data-gallery-type=\"thumbnails\"              data-gallery-id=\"31\"              data-tag=\"0\"              data-album-id=\"0\"              data-theme-id=\"1\"              data-ajax-url=\"http:\/\/www.sortirdeparisavelo.fr\/blog\/wp-admin\/admin-ajax.php?action=bwg_frontend_data\">          <div id=\"bwg_container3_0\" class=\"bwg-background bwg-background-0\">                <div data-max-count=\"5\"         data-thumbnail-width=\"180\"         data-bwg=\"0\"         data-gallery-id=\"31\"         data-lightbox-url=\"http:\/\/www.sortirdeparisavelo.fr\/blog\/wp-admin\/admin-ajax.php?action=GalleryBox&amp;current_view=0&amp;gallery_id=31&amp;tag=0&amp;theme_id=1&amp;shortcode_id=37&amp;sort_by=order&amp;order_by=asc&amp;current_url=%2Fblog%2Fwp-json%2Fwp%2Fv2%2Fposts%2F1085\"         id=\"bwg_thumbnails_0\"         class=\"bwg-container-0 bwg-thumbnails bwg-standard-thumbnails bwg-container bwg-border-box\">            <div class=\"bwg-item\">        <a class=\"bwg-a  bwg_lightbox\"  data-image-id=\"858\" href=\"http:\/\/www.sortirdeparisavelo.fr\/blog\/wp-content\/uploads\/photo-gallery\/150727%20pompidou\/sortietunnel.jpg\" data-elementor-open-lightbox=\"no\">                <div class=\"bwg-item0 \">          <div class=\"bwg-item1 \">            <div class=\"bwg-item2\">              <img decoding=\"async\" class=\"skip-lazy bwg_standart_thumb_img_0 \"                   data-id=\"858\"                   data-width=\"\"                   data-height=\"\"                   data-src=\"http:\/\/www.sortirdeparisavelo.fr\/blog\/wp-content\/uploads\/photo-gallery\/150727%20pompidou\/thumb\/sortietunnel.jpg\"                   src=\"http:\/\/www.sortirdeparisavelo.fr\/blog\/wp-content\/uploads\/photo-gallery\/150727%20pompidou\/thumb\/sortietunnel.jpg\"                   alt=\"sortietunnel\"                   title=\"sortietunnel\" \/>            <\/div>            <div class=\"\">                                                      <\/div>          <\/div>        <\/div>                        <\/a>              <\/div>            <div class=\"bwg-item\">        <a class=\"bwg-a  bwg_lightbox\"  data-image-id=\"857\" href=\"http:\/\/www.sortirdeparisavelo.fr\/blog\/wp-content\/uploads\/photo-gallery\/150727%20pompidou\/rentreetunnel.jpg\" data-elementor-open-lightbox=\"no\">                <div class=\"bwg-item0 \">          <div class=\"bwg-item1 \">            <div class=\"bwg-item2\">              <img decoding=\"async\" class=\"skip-lazy bwg_standart_thumb_img_0 \"                   data-id=\"857\"                   data-width=\"\"                   data-height=\"\"                   data-src=\"http:\/\/www.sortirdeparisavelo.fr\/blog\/wp-content\/uploads\/photo-gallery\/150727%20pompidou\/thumb\/rentreetunnel.jpg\"                   src=\"http:\/\/www.sortirdeparisavelo.fr\/blog\/wp-content\/uploads\/photo-gallery\/150727%20pompidou\/thumb\/rentreetunnel.jpg\"                   alt=\"rentreetunnel\"                   title=\"rentreetunnel\" \/>            <\/div>            <div class=\"\">                                                      <\/div>          <\/div>        <\/div>                        <\/a>              <\/div>            <div class=\"bwg-item\">        <a class=\"bwg-a  bwg_lightbox\"  data-image-id=\"856\" href=\"http:\/\/www.sortirdeparisavelo.fr\/blog\/wp-content\/uploads\/photo-gallery\/150727%20pompidou\/parisrespirequai.JPG\" data-elementor-open-lightbox=\"no\">                <div class=\"bwg-item0 \">          <div class=\"bwg-item1 \">            <div class=\"bwg-item2\">              <img decoding=\"async\" class=\"skip-lazy bwg_standart_thumb_img_0 \"                   data-id=\"856\"                   data-width=\"\"                   data-height=\"\"                   data-src=\"http:\/\/www.sortirdeparisavelo.fr\/blog\/wp-content\/uploads\/photo-gallery\/150727%20pompidou\/thumb\/parisrespirequai.JPG\"                   src=\"http:\/\/www.sortirdeparisavelo.fr\/blog\/wp-content\/uploads\/photo-gallery\/150727%20pompidou\/thumb\/parisrespirequai.JPG\"                   alt=\"parisrespirequai\"                   title=\"parisrespirequai\" \/>            <\/div>            <div class=\"\">                                                      <\/div>          <\/div>        <\/div>                        <\/a>              <\/div>            <div class=\"bwg-item\">        <a class=\"bwg-a  bwg_lightbox\"  data-image-id=\"855\" href=\"http:\/\/www.sortirdeparisavelo.fr\/blog\/wp-content\/uploads\/photo-gallery\/150727%20pompidou\/parisrespireff.jpg\" data-elementor-open-lightbox=\"no\">                <div class=\"bwg-item0 \">          <div class=\"bwg-item1 \">            <div class=\"bwg-item2\">              <img decoding=\"async\" class=\"skip-lazy bwg_standart_thumb_img_0 \"                   data-id=\"855\"                   data-width=\"\"                   data-height=\"\"                   data-src=\"http:\/\/www.sortirdeparisavelo.fr\/blog\/wp-content\/uploads\/photo-gallery\/150727%20pompidou\/thumb\/parisrespireff.jpg\"                   src=\"http:\/\/www.sortirdeparisavelo.fr\/blog\/wp-content\/uploads\/photo-gallery\/150727%20pompidou\/thumb\/parisrespireff.jpg\"                   alt=\"parisrespireff\"                   title=\"parisrespireff\" \/>            <\/div>            <div class=\"\">                                                      <\/div>          <\/div>        <\/div>                        <\/a>              <\/div>            <div class=\"bwg-item\">        <a class=\"bwg-a  bwg_lightbox\"  data-image-id=\"854\" href=\"http:\/\/www.sortirdeparisavelo.fr\/blog\/wp-content\/uploads\/photo-gallery\/150727%20pompidou\/parisrespire2quai.JPG\" data-elementor-open-lightbox=\"no\">                <div class=\"bwg-item0 \">          <div class=\"bwg-item1 \">            <div class=\"bwg-item2\">              <img decoding=\"async\" class=\"skip-lazy bwg_standart_thumb_img_0 \"                   data-id=\"854\"                   data-width=\"\"                   data-height=\"\"                   data-src=\"http:\/\/www.sortirdeparisavelo.fr\/blog\/wp-content\/uploads\/photo-gallery\/150727%20pompidou\/thumb\/parisrespire2quai.JPG\"                   src=\"http:\/\/www.sortirdeparisavelo.fr\/blog\/wp-content\/uploads\/photo-gallery\/150727%20pompidou\/thumb\/parisrespire2quai.JPG\"                   alt=\"parisrespire2quai\"                   title=\"parisrespire2quai\" \/>            <\/div>            <div class=\"\">                                                      <\/div>          <\/div>        <\/div>                        <\/a>              <\/div>            <div class=\"bwg-item\">        <a class=\"bwg-a  bwg_lightbox\"  data-image-id=\"853\" href=\"http:\/\/www.sortirdeparisavelo.fr\/blog\/wp-content\/uploads\/photo-gallery\/150727%20pompidou\/parisrespirait2%20(2).jpg\" data-elementor-open-lightbox=\"no\">                <div class=\"bwg-item0 \">          <div class=\"bwg-item1 \">            <div class=\"bwg-item2\">              <img decoding=\"async\" class=\"skip-lazy bwg_standart_thumb_img_0 \"                   data-id=\"853\"                   data-width=\"\"                   data-height=\"\"                   data-src=\"http:\/\/www.sortirdeparisavelo.fr\/blog\/wp-content\/uploads\/photo-gallery\/150727%20pompidou\/thumb\/parisrespirait2%20(2).jpg\"                   src=\"http:\/\/www.sortirdeparisavelo.fr\/blog\/wp-content\/uploads\/photo-gallery\/150727%20pompidou\/thumb\/parisrespirait2%20(2).jpg\"                   alt=\"parisrespirait2 (2)\"                   title=\"parisrespirait2 (2)\" \/>            <\/div>            <div class=\"\">                                                      <\/div>          <\/div>        <\/div>                        <\/a>              <\/div>            <div class=\"bwg-item\">        <a class=\"bwg-a  bwg_lightbox\"  data-image-id=\"852\" href=\"http:\/\/www.sortirdeparisavelo.fr\/blog\/wp-content\/uploads\/photo-gallery\/150727%20pompidou\/260415%20031_DxO.jpg\" data-elementor-open-lightbox=\"no\">                <div class=\"bwg-item0 \">          <div class=\"bwg-item1 \">            <div class=\"bwg-item2\">              <img decoding=\"async\" class=\"skip-lazy bwg_standart_thumb_img_0 \"                   data-id=\"852\"                   data-width=\"\"                   data-height=\"\"                   data-src=\"http:\/\/www.sortirdeparisavelo.fr\/blog\/wp-content\/uploads\/photo-gallery\/150727%20pompidou\/thumb\/260415%20031_DxO.jpg\"                   src=\"http:\/\/www.sortirdeparisavelo.fr\/blog\/wp-content\/uploads\/photo-gallery\/150727%20pompidou\/thumb\/260415%20031_DxO.jpg\"                   alt=\"260415 031_DxO\"                   title=\"260415 031_DxO\" \/>            <\/div>            <div class=\"\">                                                      <\/div>          <\/div>        <\/div>                        <\/a>              <\/div>            <div class=\"bwg-item\">        <a class=\"bwg-a  bwg_lightbox\"  data-image-id=\"851\" href=\"http:\/\/www.sortirdeparisavelo.fr\/blog\/wp-content\/uploads\/photo-gallery\/150727%20pompidou\/260415%20024_DxO.jpg\" data-elementor-open-lightbox=\"no\">                <div class=\"bwg-item0 \">          <div class=\"bwg-item1 \">            <div class=\"bwg-item2\">              <img decoding=\"async\" class=\"skip-lazy bwg_standart_thumb_img_0 \"                   data-id=\"851\"                   data-width=\"\"                   data-height=\"\"                   data-src=\"http:\/\/www.sortirdeparisavelo.fr\/blog\/wp-content\/uploads\/photo-gallery\/150727%20pompidou\/thumb\/260415%20024_DxO.jpg\"                   src=\"http:\/\/www.sortirdeparisavelo.fr\/blog\/wp-content\/uploads\/photo-gallery\/150727%20pompidou\/thumb\/260415%20024_DxO.jpg\"                   alt=\"260415 024_DxO\"                   title=\"260415 024_DxO\" \/>            <\/div>            <div class=\"\">                                                      <\/div>          <\/div>        <\/div>                        <\/a>              <\/div>            <div class=\"bwg-item\">        <a class=\"bwg-a  bwg_lightbox\"  data-image-id=\"850\" href=\"http:\/\/www.sortirdeparisavelo.fr\/blog\/wp-content\/uploads\/photo-gallery\/150727%20pompidou\/170515%20049_DxO.jpg\" data-elementor-open-lightbox=\"no\">                <div class=\"bwg-item0 \">          <div class=\"bwg-item1 \">            <div class=\"bwg-item2\">              <img decoding=\"async\" class=\"skip-lazy bwg_standart_thumb_img_0 \"                   data-id=\"850\"                   data-width=\"\"                   data-height=\"\"                   data-src=\"http:\/\/www.sortirdeparisavelo.fr\/blog\/wp-content\/uploads\/photo-gallery\/150727%20pompidou\/thumb\/170515%20049_DxO.jpg\"                   src=\"http:\/\/www.sortirdeparisavelo.fr\/blog\/wp-content\/uploads\/photo-gallery\/150727%20pompidou\/thumb\/170515%20049_DxO.jpg\"                   alt=\"170515 049_DxO\"                   title=\"170515 049_DxO\" \/>            <\/div>            <div class=\"\">                                                      <\/div>          <\/div>        <\/div>                        <\/a>              <\/div>            <div class=\"bwg-item\">        <a class=\"bwg-a  bwg_lightbox\"  data-image-id=\"849\" href=\"http:\/\/www.sortirdeparisavelo.fr\/blog\/wp-content\/uploads\/photo-gallery\/150727%20pompidou\/170515%20041_DxO.jpg\" data-elementor-open-lightbox=\"no\">                <div class=\"bwg-item0 \">          <div class=\"bwg-item1 \">            <div class=\"bwg-item2\">              <img decoding=\"async\" class=\"skip-lazy bwg_standart_thumb_img_0 \"                   data-id=\"849\"                   data-width=\"\"                   data-height=\"\"                   data-src=\"http:\/\/www.sortirdeparisavelo.fr\/blog\/wp-content\/uploads\/photo-gallery\/150727%20pompidou\/thumb\/170515%20041_DxO.jpg\"                   src=\"http:\/\/www.sortirdeparisavelo.fr\/blog\/wp-content\/uploads\/photo-gallery\/150727%20pompidou\/thumb\/170515%20041_DxO.jpg\"                   alt=\"170515 041_DxO\"                   title=\"170515 041_DxO\" \/>            <\/div>            <div class=\"\">                                                      <\/div>          <\/div>        <\/div>                        <\/a>              <\/div>            <div class=\"bwg-item\">        <a class=\"bwg-a  bwg_lightbox\"  data-image-id=\"848\" href=\"http:\/\/www.sortirdeparisavelo.fr\/blog\/wp-content\/uploads\/photo-gallery\/150727%20pompidou\/170515%20038_DxO.jpg\" data-elementor-open-lightbox=\"no\">                <div class=\"bwg-item0 \">          <div class=\"bwg-item1 \">            <div class=\"bwg-item2\">              <img decoding=\"async\" class=\"skip-lazy bwg_standart_thumb_img_0 \"                   data-id=\"848\"                   data-width=\"\"                   data-height=\"\"                   data-src=\"http:\/\/www.sortirdeparisavelo.fr\/blog\/wp-content\/uploads\/photo-gallery\/150727%20pompidou\/thumb\/170515%20038_DxO.jpg\"                   src=\"http:\/\/www.sortirdeparisavelo.fr\/blog\/wp-content\/uploads\/photo-gallery\/150727%20pompidou\/thumb\/170515%20038_DxO.jpg\"                   alt=\"170515 038_DxO\"                   title=\"170515 038_DxO\" \/>            <\/div>            <div class=\"\">                                                      <\/div>          <\/div>        <\/div>                        <\/a>              <\/div>            <div class=\"bwg-item\">        <a class=\"bwg-a  bwg_lightbox\"  data-image-id=\"847\" href=\"http:\/\/www.sortirdeparisavelo.fr\/blog\/wp-content\/uploads\/photo-gallery\/150727%20pompidou\/170515%20031_DxO.jpg\" data-elementor-open-lightbox=\"no\">                <div class=\"bwg-item0 \">          <div class=\"bwg-item1 \">            <div class=\"bwg-item2\">              <img decoding=\"async\" class=\"skip-lazy bwg_standart_thumb_img_0 \"                   data-id=\"847\"                   data-width=\"\"                   data-height=\"\"                   data-src=\"http:\/\/www.sortirdeparisavelo.fr\/blog\/wp-content\/uploads\/photo-gallery\/150727%20pompidou\/thumb\/170515%20031_DxO.jpg\"                   src=\"http:\/\/www.sortirdeparisavelo.fr\/blog\/wp-content\/uploads\/photo-gallery\/150727%20pompidou\/thumb\/170515%20031_DxO.jpg\"                   alt=\"170515 031_DxO\"                   title=\"170515 031_DxO\" \/>            <\/div>            <div class=\"\">                                                      <\/div>          <\/div>        <\/div>                        <\/a>              <\/div>            <div class=\"bwg-item\">        <a class=\"bwg-a  bwg_lightbox\"  data-image-id=\"846\" href=\"http:\/\/www.sortirdeparisavelo.fr\/blog\/wp-content\/uploads\/photo-gallery\/150727%20pompidou\/170515%20030_DxO.jpg\" data-elementor-open-lightbox=\"no\">                <div class=\"bwg-item0 \">          <div class=\"bwg-item1 \">            <div class=\"bwg-item2\">              <img decoding=\"async\" class=\"skip-lazy bwg_standart_thumb_img_0 \"                   data-id=\"846\"                   data-width=\"\"                   data-height=\"\"                   data-src=\"http:\/\/www.sortirdeparisavelo.fr\/blog\/wp-content\/uploads\/photo-gallery\/150727%20pompidou\/thumb\/170515%20030_DxO.jpg\"                   src=\"http:\/\/www.sortirdeparisavelo.fr\/blog\/wp-content\/uploads\/photo-gallery\/150727%20pompidou\/thumb\/170515%20030_DxO.jpg\"                   alt=\"170515 030_DxO\"                   title=\"170515 030_DxO\" \/>            <\/div>            <div class=\"\">                                                      <\/div>          <\/div>        <\/div>                        <\/a>              <\/div>            <div class=\"bwg-item\">        <a class=\"bwg-a  bwg_lightbox\"  data-image-id=\"845\" href=\"http:\/\/www.sortirdeparisavelo.fr\/blog\/wp-content\/uploads\/photo-gallery\/150727%20pompidou\/170515%20022_DxO.jpg\" data-elementor-open-lightbox=\"no\">                <div class=\"bwg-item0 \">          <div class=\"bwg-item1 \">            <div class=\"bwg-item2\">              <img decoding=\"async\" class=\"skip-lazy bwg_standart_thumb_img_0 \"                   data-id=\"845\"                   data-width=\"\"                   data-height=\"\"                   data-src=\"http:\/\/www.sortirdeparisavelo.fr\/blog\/wp-content\/uploads\/photo-gallery\/150727%20pompidou\/thumb\/170515%20022_DxO.jpg\"                   src=\"http:\/\/www.sortirdeparisavelo.fr\/blog\/wp-content\/uploads\/photo-gallery\/150727%20pompidou\/thumb\/170515%20022_DxO.jpg\"                   alt=\"170515 022_DxO\"                   title=\"170515 022_DxO\" \/>            <\/div>            <div class=\"\">                                                      <\/div>          <\/div>        <\/div>                        <\/a>              <\/div>            <div class=\"bwg-item\">        <a class=\"bwg-a  bwg_lightbox\"  data-image-id=\"844\" href=\"http:\/\/www.sortirdeparisavelo.fr\/blog\/wp-content\/uploads\/photo-gallery\/150727%20pompidou\/170515%20016_DxO.jpg\" data-elementor-open-lightbox=\"no\">                <div class=\"bwg-item0 \">          <div class=\"bwg-item1 \">            <div class=\"bwg-item2\">              <img decoding=\"async\" class=\"skip-lazy bwg_standart_thumb_img_0 \"                   data-id=\"844\"                   data-width=\"\"                   data-height=\"\"                   data-src=\"http:\/\/www.sortirdeparisavelo.fr\/blog\/wp-content\/uploads\/photo-gallery\/150727%20pompidou\/thumb\/170515%20016_DxO.jpg\"                   src=\"http:\/\/www.sortirdeparisavelo.fr\/blog\/wp-content\/uploads\/photo-gallery\/150727%20pompidou\/thumb\/170515%20016_DxO.jpg\"                   alt=\"170515 016_DxO\"                   title=\"170515 016_DxO\" \/>            <\/div>            <div class=\"\">                                                      <\/div>          <\/div>        <\/div>                        <\/a>              <\/div>            <div class=\"bwg-item\">        <a class=\"bwg-a  bwg_lightbox\"  data-image-id=\"843\" href=\"http:\/\/www.sortirdeparisavelo.fr\/blog\/wp-content\/uploads\/photo-gallery\/150727%20pompidou\/170515%20013_DxO.jpg\" data-elementor-open-lightbox=\"no\">                <div class=\"bwg-item0 \">          <div class=\"bwg-item1 \">            <div class=\"bwg-item2\">              <img decoding=\"async\" class=\"skip-lazy bwg_standart_thumb_img_0 \"                   data-id=\"843\"                   data-width=\"\"                   data-height=\"\"                   data-src=\"http:\/\/www.sortirdeparisavelo.fr\/blog\/wp-content\/uploads\/photo-gallery\/150727%20pompidou\/thumb\/170515%20013_DxO.jpg\"                   src=\"http:\/\/www.sortirdeparisavelo.fr\/blog\/wp-content\/uploads\/photo-gallery\/150727%20pompidou\/thumb\/170515%20013_DxO.jpg\"                   alt=\"170515 013_DxO\"                   title=\"170515 013_DxO\" \/>            <\/div>            <div class=\"\">                                                      <\/div>          <\/div>        <\/div>                        <\/a>              <\/div>            <div class=\"bwg-item\">        <a class=\"bwg-a  bwg_lightbox\"  data-image-id=\"842\" href=\"http:\/\/www.sortirdeparisavelo.fr\/blog\/wp-content\/uploads\/photo-gallery\/150727%20pompidou\/150720%20193_DxO.jpg\" data-elementor-open-lightbox=\"no\">                <div class=\"bwg-item0 \">          <div class=\"bwg-item1 \">            <div class=\"bwg-item2\">              <img decoding=\"async\" class=\"skip-lazy bwg_standart_thumb_img_0 \"                   data-id=\"842\"                   data-width=\"\"                   data-height=\"\"                   data-src=\"http:\/\/www.sortirdeparisavelo.fr\/blog\/wp-content\/uploads\/photo-gallery\/150727%20pompidou\/thumb\/150720%20193_DxO.jpg\"                   src=\"http:\/\/www.sortirdeparisavelo.fr\/blog\/wp-content\/uploads\/photo-gallery\/150727%20pompidou\/thumb\/150720%20193_DxO.jpg\"                   alt=\"150720 193_DxO\"                   title=\"150720 193_DxO\" \/>            <\/div>            <div class=\"\">                                                      <\/div>          <\/div>        <\/div>                        <\/a>              <\/div>            <div class=\"bwg-item\">        <a class=\"bwg-a  bwg_lightbox\"  data-image-id=\"841\" href=\"http:\/\/www.sortirdeparisavelo.fr\/blog\/wp-content\/uploads\/photo-gallery\/150727%20pompidou\/150705%20459_DxO.jpg\" data-elementor-open-lightbox=\"no\">                <div class=\"bwg-item0 \">          <div class=\"bwg-item1 \">            <div class=\"bwg-item2\">              <img decoding=\"async\" class=\"skip-lazy bwg_standart_thumb_img_0 \"                   data-id=\"841\"                   data-width=\"\"                   data-height=\"\"                   data-src=\"http:\/\/www.sortirdeparisavelo.fr\/blog\/wp-content\/uploads\/photo-gallery\/150727%20pompidou\/thumb\/150705%20459_DxO.jpg\"                   src=\"http:\/\/www.sortirdeparisavelo.fr\/blog\/wp-content\/uploads\/photo-gallery\/150727%20pompidou\/thumb\/150705%20459_DxO.jpg\"                   alt=\"150705 459_DxO\"                   title=\"150705 459_DxO\" \/>            <\/div>            <div class=\"\">                                                      <\/div>          <\/div>        <\/div>                        <\/a>              <\/div>            <div class=\"bwg-item\">        <a class=\"bwg-a  bwg_lightbox\"  data-image-id=\"840\" href=\"http:\/\/www.sortirdeparisavelo.fr\/blog\/wp-content\/uploads\/photo-gallery\/150727%20pompidou\/150705%20452_DxO.jpg\" data-elementor-open-lightbox=\"no\">                <div class=\"bwg-item0 \">          <div class=\"bwg-item1 \">            <div class=\"bwg-item2\">              <img decoding=\"async\" class=\"skip-lazy bwg_standart_thumb_img_0 \"                   data-id=\"840\"                   data-width=\"\"                   data-height=\"\"                   data-src=\"http:\/\/www.sortirdeparisavelo.fr\/blog\/wp-content\/uploads\/photo-gallery\/150727%20pompidou\/thumb\/150705%20452_DxO.jpg\"                   src=\"http:\/\/www.sortirdeparisavelo.fr\/blog\/wp-content\/uploads\/photo-gallery\/150727%20pompidou\/thumb\/150705%20452_DxO.jpg\"                   alt=\"150705 452_DxO\"                   title=\"150705 452_DxO\" \/>            <\/div>            <div class=\"\">                                                      <\/div>          <\/div>        <\/div>                        <\/a>              <\/div>            <div class=\"bwg-item\">        <a class=\"bwg-a  bwg_lightbox\"  data-image-id=\"839\" href=\"http:\/\/www.sortirdeparisavelo.fr\/blog\/wp-content\/uploads\/photo-gallery\/150727%20pompidou\/150705%20449_DxO.jpg\" data-elementor-open-lightbox=\"no\">                <div class=\"bwg-item0 \">          <div class=\"bwg-item1 \">            <div class=\"bwg-item2\">              <img decoding=\"async\" class=\"skip-lazy bwg_standart_thumb_img_0 \"                   data-id=\"839\"                   data-width=\"\"                   data-height=\"\"                   data-src=\"http:\/\/www.sortirdeparisavelo.fr\/blog\/wp-content\/uploads\/photo-gallery\/150727%20pompidou\/thumb\/150705%20449_DxO.jpg\"                   src=\"http:\/\/www.sortirdeparisavelo.fr\/blog\/wp-content\/uploads\/photo-gallery\/150727%20pompidou\/thumb\/150705%20449_DxO.jpg\"                   alt=\"150705 449_DxO\"                   title=\"150705 449_DxO\" \/>            <\/div>            <div class=\"\">                                                      <\/div>          <\/div>        <\/div>                        <\/a>              <\/div>            <div class=\"bwg-item\">        <a class=\"bwg-a  bwg_lightbox\"  data-image-id=\"838\" href=\"http:\/\/www.sortirdeparisavelo.fr\/blog\/wp-content\/uploads\/photo-gallery\/150727%20pompidou\/150705%20440_DxO.jpg\" data-elementor-open-lightbox=\"no\">                <div class=\"bwg-item0 \">          <div class=\"bwg-item1 \">            <div class=\"bwg-item2\">              <img decoding=\"async\" class=\"skip-lazy bwg_standart_thumb_img_0 \"                   data-id=\"838\"                   data-width=\"\"                   data-height=\"\"                   data-src=\"http:\/\/www.sortirdeparisavelo.fr\/blog\/wp-content\/uploads\/photo-gallery\/150727%20pompidou\/thumb\/150705%20440_DxO.jpg\"                   src=\"http:\/\/www.sortirdeparisavelo.fr\/blog\/wp-content\/uploads\/photo-gallery\/150727%20pompidou\/thumb\/150705%20440_DxO.jpg\"                   alt=\"150705 440_DxO\"                   title=\"150705 440_DxO\" \/>            <\/div>            <div class=\"\">                                                      <\/div>          <\/div>        <\/div>                        <\/a>              <\/div>            <div class=\"bwg-item\">        <a class=\"bwg-a  bwg_lightbox\"  data-image-id=\"837\" href=\"http:\/\/www.sortirdeparisavelo.fr\/blog\/wp-content\/uploads\/photo-gallery\/150727%20pompidou\/150705%20430_DxO.jpg\" data-elementor-open-lightbox=\"no\">                <div class=\"bwg-item0 \">          <div class=\"bwg-item1 \">            <div class=\"bwg-item2\">              <img decoding=\"async\" class=\"skip-lazy bwg_standart_thumb_img_0 \"                   data-id=\"837\"                   data-width=\"\"                   data-height=\"\"                   data-src=\"http:\/\/www.sortirdeparisavelo.fr\/blog\/wp-content\/uploads\/photo-gallery\/150727%20pompidou\/thumb\/150705%20430_DxO.jpg\"                   src=\"http:\/\/www.sortirdeparisavelo.fr\/blog\/wp-content\/uploads\/photo-gallery\/150727%20pompidou\/thumb\/150705%20430_DxO.jpg\"                   alt=\"150705 430_DxO\"                   title=\"150705 430_DxO\" \/>            <\/div>            <div class=\"\">                                                      <\/div>          <\/div>        <\/div>                        <\/a>              <\/div>            <div class=\"bwg-item\">        <a class=\"bwg-a  bwg_lightbox\"  data-image-id=\"836\" href=\"http:\/\/www.sortirdeparisavelo.fr\/blog\/wp-content\/uploads\/photo-gallery\/150727%20pompidou\/150705%20429_DxO.jpg\" data-elementor-open-lightbox=\"no\">                <div class=\"bwg-item0 \">          <div class=\"bwg-item1 \">            <div class=\"bwg-item2\">              <img decoding=\"async\" class=\"skip-lazy bwg_standart_thumb_img_0 \"                   data-id=\"836\"                   data-width=\"\"                   data-height=\"\"                   data-src=\"http:\/\/www.sortirdeparisavelo.fr\/blog\/wp-content\/uploads\/photo-gallery\/150727%20pompidou\/thumb\/150705%20429_DxO.jpg\"                   src=\"http:\/\/www.sortirdeparisavelo.fr\/blog\/wp-content\/uploads\/photo-gallery\/150727%20pompidou\/thumb\/150705%20429_DxO.jpg\"                   alt=\"150705 429_DxO\"                   title=\"150705 429_DxO\" \/>            <\/div>            <div class=\"\">                                                      <\/div>          <\/div>        <\/div>                        <\/a>              <\/div>            <div class=\"bwg-item\">        <a class=\"bwg-a  bwg_lightbox\"  data-image-id=\"835\" href=\"http:\/\/www.sortirdeparisavelo.fr\/blog\/wp-content\/uploads\/photo-gallery\/150727%20pompidou\/150705%20426_DxO.jpg\" data-elementor-open-lightbox=\"no\">                <div class=\"bwg-item0 \">          <div class=\"bwg-item1 \">            <div class=\"bwg-item2\">              <img decoding=\"async\" class=\"skip-lazy bwg_standart_thumb_img_0 \"                   data-id=\"835\"                   data-width=\"\"                   data-height=\"\"                   data-src=\"http:\/\/www.sortirdeparisavelo.fr\/blog\/wp-content\/uploads\/photo-gallery\/150727%20pompidou\/thumb\/150705%20426_DxO.jpg\"                   src=\"http:\/\/www.sortirdeparisavelo.fr\/blog\/wp-content\/uploads\/photo-gallery\/150727%20pompidou\/thumb\/150705%20426_DxO.jpg\"                   alt=\"150705 426_DxO\"                   title=\"150705 426_DxO\" \/>            <\/div>            <div class=\"\">                                                      <\/div>          <\/div>        <\/div>                        <\/a>              <\/div>            <div class=\"bwg-item\">        <a class=\"bwg-a  bwg_lightbox\"  data-image-id=\"834\" href=\"http:\/\/www.sortirdeparisavelo.fr\/blog\/wp-content\/uploads\/photo-gallery\/150727%20pompidou\/150705%20424_DxO.jpg\" data-elementor-open-lightbox=\"no\">                <div class=\"bwg-item0 \">          <div class=\"bwg-item1 \">            <div class=\"bwg-item2\">              <img decoding=\"async\" class=\"skip-lazy bwg_standart_thumb_img_0 \"                   data-id=\"834\"                   data-width=\"\"                   data-height=\"\"                   data-src=\"http:\/\/www.sortirdeparisavelo.fr\/blog\/wp-content\/uploads\/photo-gallery\/150727%20pompidou\/thumb\/150705%20424_DxO.jpg\"                   src=\"http:\/\/www.sortirdeparisavelo.fr\/blog\/wp-content\/uploads\/photo-gallery\/150727%20pompidou\/thumb\/150705%20424_DxO.jpg\"                   alt=\"150705 424_DxO\"                   title=\"150705 424_DxO\" \/>            <\/div>            <div class=\"\">                                                      <\/div>          <\/div>        <\/div>                        <\/a>              <\/div>            <div class=\"bwg-item\">        <a class=\"bwg-a  bwg_lightbox\"  data-image-id=\"833\" href=\"http:\/\/www.sortirdeparisavelo.fr\/blog\/wp-content\/uploads\/photo-gallery\/150727%20pompidou\/150705%20419_DxO.jpg\" data-elementor-open-lightbox=\"no\">                <div class=\"bwg-item0 \">          <div class=\"bwg-item1 \">            <div class=\"bwg-item2\">              <img decoding=\"async\" class=\"skip-lazy bwg_standart_thumb_img_0 \"                   data-id=\"833\"                   data-width=\"\"                   data-height=\"\"                   data-src=\"http:\/\/www.sortirdeparisavelo.fr\/blog\/wp-content\/uploads\/photo-gallery\/150727%20pompidou\/thumb\/150705%20419_DxO.jpg\"                   src=\"http:\/\/www.sortirdeparisavelo.fr\/blog\/wp-content\/uploads\/photo-gallery\/150727%20pompidou\/thumb\/150705%20419_DxO.jpg\"                   alt=\"150705 419_DxO\"                   title=\"150705 419_DxO\" \/>            <\/div>            <div class=\"\">                                                      <\/div>          <\/div>        <\/div>                        <\/a>              <\/div>            <div class=\"bwg-item\">        <a class=\"bwg-a  bwg_lightbox\"  data-image-id=\"832\" href=\"http:\/\/www.sortirdeparisavelo.fr\/blog\/wp-content\/uploads\/photo-gallery\/150727%20pompidou\/150705%20387_DxO.jpg\" data-elementor-open-lightbox=\"no\">                <div class=\"bwg-item0 \">          <div class=\"bwg-item1 \">            <div class=\"bwg-item2\">              <img decoding=\"async\" class=\"skip-lazy bwg_standart_thumb_img_0 \"                   data-id=\"832\"                   data-width=\"\"                   data-height=\"\"                   data-src=\"http:\/\/www.sortirdeparisavelo.fr\/blog\/wp-content\/uploads\/photo-gallery\/150727%20pompidou\/thumb\/150705%20387_DxO.jpg\"                   src=\"http:\/\/www.sortirdeparisavelo.fr\/blog\/wp-content\/uploads\/photo-gallery\/150727%20pompidou\/thumb\/150705%20387_DxO.jpg\"                   alt=\"150705 387_DxO\"                   title=\"150705 387_DxO\" \/>            <\/div>            <div class=\"\">                                                      <\/div>          <\/div>        <\/div>                        <\/a>              <\/div>            <div class=\"bwg-item\">        <a class=\"bwg-a  bwg_lightbox\"  data-image-id=\"831\" href=\"http:\/\/www.sortirdeparisavelo.fr\/blog\/wp-content\/uploads\/photo-gallery\/150727%20pompidou\/150628%20463_DxO.jpg\" data-elementor-open-lightbox=\"no\">                <div class=\"bwg-item0 \">          <div class=\"bwg-item1 \">            <div class=\"bwg-item2\">              <img decoding=\"async\" class=\"skip-lazy bwg_standart_thumb_img_0 \"                   data-id=\"831\"                   data-width=\"\"                   data-height=\"\"                   data-src=\"http:\/\/www.sortirdeparisavelo.fr\/blog\/wp-content\/uploads\/photo-gallery\/150727%20pompidou\/thumb\/150628%20463_DxO.jpg\"                   src=\"http:\/\/www.sortirdeparisavelo.fr\/blog\/wp-content\/uploads\/photo-gallery\/150727%20pompidou\/thumb\/150628%20463_DxO.jpg\"                   alt=\"150628 463_DxO\"                   title=\"150628 463_DxO\" \/>            <\/div>            <div class=\"\">                                                      <\/div>          <\/div>        <\/div>                        <\/a>              <\/div>            <div class=\"bwg-item\">        <a class=\"bwg-a  bwg_lightbox\"  data-image-id=\"830\" href=\"http:\/\/www.sortirdeparisavelo.fr\/blog\/wp-content\/uploads\/photo-gallery\/150727%20pompidou\/150626%20039_DxO.jpg\" data-elementor-open-lightbox=\"no\">                <div class=\"bwg-item0 \">          <div class=\"bwg-item1 \">            <div class=\"bwg-item2\">              <img decoding=\"async\" class=\"skip-lazy bwg_standart_thumb_img_0 \"                   data-id=\"830\"                   data-width=\"\"                   data-height=\"\"                   data-src=\"http:\/\/www.sortirdeparisavelo.fr\/blog\/wp-content\/uploads\/photo-gallery\/150727%20pompidou\/thumb\/150626%20039_DxO.jpg\"                   src=\"http:\/\/www.sortirdeparisavelo.fr\/blog\/wp-content\/uploads\/photo-gallery\/150727%20pompidou\/thumb\/150626%20039_DxO.jpg\"                   alt=\"150626 039_DxO\"                   title=\"150626 039_DxO\" \/>            <\/div>            <div class=\"\">                                                      <\/div>          <\/div>        <\/div>                        <\/a>              <\/div>            <div class=\"bwg-item\">        <a class=\"bwg-a  bwg_lightbox\"  data-image-id=\"829\" href=\"http:\/\/www.sortirdeparisavelo.fr\/blog\/wp-content\/uploads\/photo-gallery\/150727%20pompidou\/150626%20031_DxO.jpg\" data-elementor-open-lightbox=\"no\">                <div class=\"bwg-item0 \">          <div class=\"bwg-item1 \">            <div class=\"bwg-item2\">              <img decoding=\"async\" class=\"skip-lazy bwg_standart_thumb_img_0 \"                   data-id=\"829\"                   data-width=\"\"                   data-height=\"\"                   data-src=\"http:\/\/www.sortirdeparisavelo.fr\/blog\/wp-content\/uploads\/photo-gallery\/150727%20pompidou\/thumb\/150626%20031_DxO.jpg\"                   src=\"http:\/\/www.sortirdeparisavelo.fr\/blog\/wp-content\/uploads\/photo-gallery\/150727%20pompidou\/thumb\/150626%20031_DxO.jpg\"                   alt=\"150626 031_DxO\"                   title=\"150626 031_DxO\" \/>            <\/div>            <div class=\"\">                                                      <\/div>          <\/div>        <\/div>                        <\/a>              <\/div>          <\/div>    <style>      \/*pagination styles*\/      #bwg_container1_0 #bwg_container2_0 .tablenav-pages_0 {\t\t\t\ttext-align: center;\t\t\t\tfont-size: 12px;\t\t\t\tfont-family: segoe ui;\t\t\t\tfont-weight: bold;\t\t\t\tcolor: #666666;\t\t\t\tmargin: 6px 0 4px;\t\t\t\tdisplay: block;      }      @media only screen and (max-width : 320px) {      #bwg_container1_0 #bwg_container2_0 .displaying-num_0 {     \t display: none;      }      }      #bwg_container1_0 #bwg_container2_0 .displaying-num_0 {\t\t\t\tfont-size: 12px;\t\t\t\tfont-family: segoe ui;\t\t\t\tfont-weight: bold;\t\t\t\tcolor: #666666;\t\t\t\tmargin-right: 10px;\t\t\t\tvertical-align: middle;      }      #bwg_container1_0 #bwg_container2_0 .paging-input_0 {\t\t\t\tfont-size: 12px;\t\t\t\tfont-family: segoe ui;\t\t\t\tfont-weight: bold;\t\t\t\tcolor: #666666;\t\t\t\tvertical-align: middle;      }      #bwg_container1_0 #bwg_container2_0 .tablenav-pages_0 a.disabled,      #bwg_container1_0 #bwg_container2_0 .tablenav-pages_0 a.disabled:hover,      #bwg_container1_0 #bwg_container2_0 .tablenav-pages_0 a.disabled:focus,\t\t\t#bwg_container1_0 #bwg_container2_0 .tablenav-pages_0 input.bwg_current_page {\t\t\t\tcursor: default;\t\t\t\tcolor: rgba(102, 102, 102, 0.5);      }      #bwg_container1_0 #bwg_container2_0 .tablenav-pages_0 a,      #bwg_container1_0 #bwg_container2_0 .tablenav-pages_0 input.bwg_current_page {\t\t\t\tcursor: pointer;\t\t\t\ttext-align: center;\t\t\t\tfont-size: 12px;\t\t\t\tfont-family: segoe ui;\t\t\t\tfont-weight: bold;\t\t\t\tcolor: #666666;\t\t\t\ttext-decoration: none;\t\t\t\tpadding: 3px 6px;\t\t\t\tmargin: 0;\t\t\t\tborder-radius: 0;\t\t\t\tborder-style: solid;\t\t\t\tborder-width: 1px;\t\t\t\tborder-color: #E3E3E3;\t\t\t\t\t\t\t\tbackground-color: rgba(255, 255, 255, 1.00);\t\t\t\tbox-shadow: 0;\t\t\t\ttransition: all 0.3s ease 0s;-webkit-transition: all 0.3s ease 0s;      }      <\/style>      <span class=\"bwg_nav_cont_0\">              <div class=\"tablenav-pages_0\">                      <span class=\"pagination-links_0 pagination-links\" data-pages-count=\"3\">              <span class=\"pagination-links_col1\">              <a class=\"bwg-a first-page disabled\" title=\"Aller \u00e0 la premi\u00e8re page\" >\u00ab<\/a>              <a class=\"bwg-a prev-page disabled\" title=\"Aller \u00e0 la page pr\u00e9c\u00e9dente\" >\u2039<\/a>              <\/span>\t\t\t\t\t\t\t<span class=\"pagination-links_col2\">\t\t\t\t\t\t\t\t\t<input type=\"number\" class=\"bwg_current_page\" name=\"bwg_current_page\" value=\"1\" data-url-info=\"page_number_0\" onkeypress=\"return bwg_change_page_0(event, this)\" min=\"1\" oninput=\"validity.valid||(value='')\" \/>\t\t\t\t\t\t\t\t\t\tde\t\t\t\t\t\t\t\t\t\t<span class=\"total-pages_0\">\t\t\t\t\t\t\t\t\t\t\t3\t\t\t\t\t\t\t\t\t\t<\/span>\t\t\t\t\t\t\t<\/span>              <span class=\"pagination-links_col3\">                <a class=\"bwg-a next-page-0\" title=\"Aller \u00e0 la page suivante\" href=\"\/blog\/wp-json\/wp\/v2\/posts\/1085?page_number_0=2\">\u203a<\/a>                <a class=\"bwg-a last-page-0\" title=\"Aller \u00e0 la derni\u00e8re page\" href=\"\/blog\/wp-json\/wp\/v2\/posts\/1085?page_number_0=3\">\u00bb<\/a>              <\/span>\t\t\t\t\t\t<\/span>\t\t\t\t\t\t        <\/div>                <input type=\"hidden\" id=\"page_number_0\" name=\"page_number_0\" value=\"1\" \/>      <script type=\"text\/javascript\">        if( jQuery('.bwg_nav_cont_0').length > 1 ) {          jQuery('.bwg_nav_cont_0').first().remove()        }        function spider_page_0(cur, x, y, load_more) {          if (typeof load_more == \"undefined\") {            var load_more = false;          }          if (jQuery(cur).hasClass('disabled')) {            return false;          }          var items_county_0 = 3;          switch (y) {            case 1:              if (x >= items_county_0) {                document.getElementById('page_number_0').value = items_county_0;              }              else {                document.getElementById('page_number_0').value = x + 1;              }              break;            case 2:              document.getElementById('page_number_0').value = items_county_0;              break;            case -1:              if (x == 1) {                document.getElementById('page_number_0').value = 1;              }              else {                document.getElementById('page_number_0').value = x - 1;              }              break;            case -2:              document.getElementById('page_number_0').value = 1;              break;\t\t\t\t\t\tcase 0:              document.getElementById('page_number_0').value = x;              break;            default:              document.getElementById('page_number_0').value = 1;          }          bwg_ajax('gal_front_form_0', '0', 'bwg_thumbnails_0', '0', '', 'gallery', 0, '', '', load_more, '', 1);        }                    jQuery('.first-page disabled').on('click', function () {              spider_page_0(this, 1, -2, 'numeric');              return false;            });            jQuery('.prev-page disabled').on('click', function () {              spider_page_0(this, 1, -1, 'numeric');              return false;            });            jQuery('.next-page-0').on('click', function () {              spider_page_0(this, 1, 1, 'numeric');              return false;            });            jQuery('.last-page-0').on('click', function () {              spider_page_0(this, 1, 2, 'numeric');              return false;            });        \t\t\t\t\/* Change page on input enter. *\/        function bwg_change_page_0( e, that ) {          if (  e.key == 'Enter' ) {            var to_page = parseInt(jQuery(that).val());            var pages_count = jQuery(that).parents(\".pagination-links\").data(\"pages-count\");            var current_url_param = jQuery(that).attr('data-url-info');            if (to_page > pages_count) {              to_page = 1;            }\t \t\t\t\t\t\t\t\t\t\t\t\tspider_page_0(this, to_page, 0, 'numeric');\t\t\t\t\t\t\treturn false;\t\t\t\t\t\t          }          return true;        }        jQuery('.bwg_load_btn_0').on('click', function () {            spider_page_0(this, 1, 1, true);            return false;        });      <\/script>      <\/span>                <\/div>        <\/form>        <style>          #bwg_container1_0 #bwg_container2_0 #spider_popup_overlay_0 {          background-color: #000000;          opacity: 0.70;          }          <\/style>        <div id=\"bwg_spider_popup_loading_0\" class=\"bwg_spider_popup_loading\"><\/div>        <div id=\"spider_popup_overlay_0\" class=\"spider_popup_overlay\" onclick=\"spider_destroypopup(1000)\"><\/div>        <input type=\"hidden\" id=\"bwg_random_seed_0\" value=\"1027279026\">                <\/div>    <\/div>    <script>      if (document.readyState === 'complete') {        if( typeof bwg_main_ready == 'function' ) {          if ( jQuery(\"#bwg_container1_0\").height() ) {            bwg_main_ready(jQuery(\"#bwg_container1_0\"));          }        }      } else {        document.addEventListener('DOMContentLoaded', function() {          if( typeof bwg_main_ready == 'function' ) {            if ( jQuery(\"#bwg_container1_0\").height() ) {             bwg_main_ready(jQuery(\"#bwg_container1_0\"));            }          }        });      }    <\/script>    \n","protected":false},"excerpt":{"rendered":"<p>Le Dimanche \u00e0 17h, la Voie Georges Pompidou pi\u00e9tonne retourne \u00e0 la circulation. La transition en photos et vid\u00e9o.<\/p>\n","protected":false},"author":1,"featured_media":1128,"comment_status":"open","ping_status":"open","sticky":false,"template":"","format":"standard","meta":{"_monsterinsights_skip_tracking":false,"_monsterinsights_sitenote_active":false,"_monsterinsights_sitenote_note":"","_monsterinsights_sitenote_category":0,"_uf_show_specific_survey":0,"_uf_disable_surveys":false,"footnotes":""},"categories":[180,155,179],"tags":[60,4,186,190,188,189,187],"class_list":["post-1085","post","type-post","status-publish","format-standard","has-post-thumbnail","hentry","category-paris-divers","category-pietons","category-touristes","tag-cyclable","tag-paris","tag-paris-respire","tag-pietonnisation","tag-tunnel-des-tuileries","tag-velib","tag-voie-pompidou","post-preview"],"_links":{"self":[{"href":"http:\/\/www.sortirdeparisavelo.fr\/blog\/wp-json\/wp\/v2\/posts\/1085","targetHints":{"allow":["GET"]}}],"collection":[{"href":"http:\/\/www.sortirdeparisavelo.fr\/blog\/wp-json\/wp\/v2\/posts"}],"about":[{"href":"http:\/\/www.sortirdeparisavelo.fr\/blog\/wp-json\/wp\/v2\/types\/post"}],"author":[{"embeddable":true,"href":"http:\/\/www.sortirdeparisavelo.fr\/blog\/wp-json\/wp\/v2\/users\/1"}],"replies":[{"embeddable":true,"href":"http:\/\/www.sortirdeparisavelo.fr\/blog\/wp-json\/wp\/v2\/comments?post=1085"}],"version-history":[{"count":11,"href":"http:\/\/www.sortirdeparisavelo.fr\/blog\/wp-json\/wp\/v2\/posts\/1085\/revisions"}],"predecessor-version":[{"id":1145,"href":"http:\/\/www.sortirdeparisavelo.fr\/blog\/wp-json\/wp\/v2\/posts\/1085\/revisions\/1145"}],"wp:featuredmedia":[{"embeddable":true,"href":"http:\/\/www.sortirdeparisavelo.fr\/blog\/wp-json\/wp\/v2\/media\/1128"}],"wp:attachment":[{"href":"http:\/\/www.sortirdeparisavelo.fr\/blog\/wp-json\/wp\/v2\/media?parent=1085"}],"wp:term":[{"taxonomy":"category","embeddable":true,"href":"http:\/\/www.sortirdeparisavelo.fr\/blog\/wp-json\/wp\/v2\/categories?post=1085"},{"taxonomy":"post_tag","embeddable":true,"href":"http:\/\/www.sortirdeparisavelo.fr\/blog\/wp-json\/wp\/v2\/tags?post=1085"}],"curies":[{"name":"wp","href":"https:\/\/api.w.org\/{rel}","templated":true}]}}