{"id":1401,"date":"2015-10-06T00:06:58","date_gmt":"2015-10-05T23:06:58","guid":{"rendered":"http:\/\/www.sortirdeparisavelo.fr\/blog\/?p=1401"},"modified":"2015-10-06T11:35:04","modified_gmt":"2015-10-06T10:35:04","slug":"la-journee-sans-voiture-2015","status":"publish","type":"post","link":"http:\/\/www.sortirdeparisavelo.fr\/blog\/2015\/10\/la-journee-sans-voiture-2015\/","title":{"rendered":"La Journ\u00e9e sans voiture 2015 &#8211; et avant"},"content":{"rendered":"<p>Retour sur la Journ\u00e9e sans voiture, le Dimanche suivant, et les Journ\u00e9es d&rsquo;avant.<\/p>\n<p><!--more--><\/p>\n<p>Les affiches \u00e9taient d\u00e9j\u00e0 pr\u00e9sentes depuis quelques temps, mais les premiers panneaux de signalisation n&rsquo;apparurent que quelques jours avant la journ\u00e9e proprement dite.<\/p>\n<p><img loading=\"lazy\" decoding=\"async\" class=\"aligncenter size-large wp-image-1402\" src=\"http:\/\/www.sortirdeparisavelo.fr\/blog\/wp-content\/uploads\/2015\/10\/150924-056_DxO-1200x800.jpg\" alt=\"150924 056_DxO\" width=\"676\" height=\"451\" srcset=\"http:\/\/www.sortirdeparisavelo.fr\/blog\/wp-content\/uploads\/2015\/10\/150924-056_DxO-1200x800.jpg 1200w, http:\/\/www.sortirdeparisavelo.fr\/blog\/wp-content\/uploads\/2015\/10\/150924-056_DxO-160x107.jpg 160w, http:\/\/www.sortirdeparisavelo.fr\/blog\/wp-content\/uploads\/2015\/10\/150924-056_DxO-320x213.jpg 320w, http:\/\/www.sortirdeparisavelo.fr\/blog\/wp-content\/uploads\/2015\/10\/150924-056_DxO-676x451.jpg 676w\" sizes=\"auto, (max-width: 676px) 100vw, 676px\" \/><\/p>\n<p>Puis vint le jour J.<\/p>\n<p><img loading=\"lazy\" decoding=\"async\" class=\"aligncenter size-large wp-image-1410\" src=\"http:\/\/www.sortirdeparisavelo.fr\/blog\/wp-content\/uploads\/2015\/10\/150927ph-130_DxO-1200x800.jpg\" alt=\"150927ph 130_DxO\" width=\"676\" height=\"451\" srcset=\"http:\/\/www.sortirdeparisavelo.fr\/blog\/wp-content\/uploads\/2015\/10\/150927ph-130_DxO-1200x800.jpg 1200w, http:\/\/www.sortirdeparisavelo.fr\/blog\/wp-content\/uploads\/2015\/10\/150927ph-130_DxO-160x107.jpg 160w, http:\/\/www.sortirdeparisavelo.fr\/blog\/wp-content\/uploads\/2015\/10\/150927ph-130_DxO-320x213.jpg 320w, http:\/\/www.sortirdeparisavelo.fr\/blog\/wp-content\/uploads\/2015\/10\/150927ph-130_DxO-676x451.jpg 676w\" sizes=\"auto, (max-width: 676px) 100vw, 676px\" \/><\/p>\n<p>Voici une vid\u00e9o floril\u00e8ge de cinq minutes film\u00e9es durant cette journ\u00e9e :<\/p>\n<p><iframe loading=\"lazy\" width=\"676\" height=\"380\" src=\"https:\/\/www.youtube.com\/embed\/ajmOYdKRlAc?feature=oembed\" frameborder=\"0\" allowfullscreen><\/iframe><\/p>\n<p>Le plus frappant \u00e9tait d&rsquo;abord cette sensation de calme (Bruitparif annon\u00e7a une division du bruit par deux).<\/p>\n<p>Puis ensuite cette vision de tous ces enfants \u00e0 v\u00e9lo.<\/p>\n<p><img loading=\"lazy\" decoding=\"async\" class=\"aligncenter size-large wp-image-1404\" src=\"http:\/\/www.sortirdeparisavelo.fr\/blog\/wp-content\/uploads\/2015\/10\/150927ph-025_DxO-1200x800.jpg\" alt=\"150927ph 025_DxO\" width=\"676\" height=\"451\" srcset=\"http:\/\/www.sortirdeparisavelo.fr\/blog\/wp-content\/uploads\/2015\/10\/150927ph-025_DxO-1200x800.jpg 1200w, http:\/\/www.sortirdeparisavelo.fr\/blog\/wp-content\/uploads\/2015\/10\/150927ph-025_DxO-160x107.jpg 160w, http:\/\/www.sortirdeparisavelo.fr\/blog\/wp-content\/uploads\/2015\/10\/150927ph-025_DxO-320x213.jpg 320w, http:\/\/www.sortirdeparisavelo.fr\/blog\/wp-content\/uploads\/2015\/10\/150927ph-025_DxO-676x451.jpg 676w\" sizes=\"auto, (max-width: 676px) 100vw, 676px\" \/><\/p>\n<p><img loading=\"lazy\" decoding=\"async\" class=\"aligncenter size-large wp-image-1406\" src=\"http:\/\/www.sortirdeparisavelo.fr\/blog\/wp-content\/uploads\/2015\/10\/150927ph-004_DxO-1200x800.jpg\" alt=\"150927ph 004_DxO\" width=\"676\" height=\"451\" srcset=\"http:\/\/www.sortirdeparisavelo.fr\/blog\/wp-content\/uploads\/2015\/10\/150927ph-004_DxO-1200x800.jpg 1200w, http:\/\/www.sortirdeparisavelo.fr\/blog\/wp-content\/uploads\/2015\/10\/150927ph-004_DxO-160x107.jpg 160w, http:\/\/www.sortirdeparisavelo.fr\/blog\/wp-content\/uploads\/2015\/10\/150927ph-004_DxO-320x213.jpg 320w, http:\/\/www.sortirdeparisavelo.fr\/blog\/wp-content\/uploads\/2015\/10\/150927ph-004_DxO-676x451.jpg 676w\" sizes=\"auto, (max-width: 676px) 100vw, 676px\" \/><\/p>\n<p>La galerie en fin d&rsquo;article contient d&rsquo;autres photos. Quelques jours avant l&rsquo;annonce d&rsquo;une future obligation du casque pour les moins de 12 ans, on pouvait constater qu&rsquo;il \u00e9tait d\u00e9j\u00e0 tr\u00e8s port\u00e9 par les principaux concern\u00e9s.<\/p>\n<p>Dans la zone \u00ab\u00a0sans voiture\u00a0\u00bb, on voyait \u00e9galement les pi\u00e9tons regagner certains lieux, comme la Place des Vosges, dont les rues sont d&rsquo;habitude livr\u00e9es aux voitures : cette place ne fait pas partie de Paris Respire.<\/p>\n<p><img loading=\"lazy\" decoding=\"async\" class=\"aligncenter size-large wp-image-1408\" src=\"http:\/\/www.sortirdeparisavelo.fr\/blog\/wp-content\/uploads\/2015\/10\/150927ph-100_DxO-1200x800.jpg\" alt=\"150927ph 100_DxO\" width=\"676\" height=\"451\" srcset=\"http:\/\/www.sortirdeparisavelo.fr\/blog\/wp-content\/uploads\/2015\/10\/150927ph-100_DxO-1200x800.jpg 1200w, http:\/\/www.sortirdeparisavelo.fr\/blog\/wp-content\/uploads\/2015\/10\/150927ph-100_DxO-160x107.jpg 160w, http:\/\/www.sortirdeparisavelo.fr\/blog\/wp-content\/uploads\/2015\/10\/150927ph-100_DxO-320x213.jpg 320w, http:\/\/www.sortirdeparisavelo.fr\/blog\/wp-content\/uploads\/2015\/10\/150927ph-100_DxO-676x451.jpg 676w\" sizes=\"auto, (max-width: 676px) 100vw, 676px\" \/><\/p>\n<p>Pour une vision plus neutre, voici une heure sans coupure (sauf pour une pose photo \u00e0 Op\u00e9ra) :<\/p>\n<p><iframe loading=\"lazy\" width=\"676\" height=\"380\" src=\"https:\/\/www.youtube.com\/embed\/jSLsyEsX-_Y?feature=oembed\" frameborder=\"0\" allowfullscreen><\/iframe><\/p>\n<p>Enfin, comme pour d&rsquo;autres \u00e9v\u00e8nements du m\u00eame genre, la fin de la journ\u00e9e fut spectaculaire par la rapidit\u00e9 de sa disparition.<\/p>\n<p>Ainsi, \u00e0 Bastille, \u00e0 17h45, on avait par exemple encore une dizaine de b\u00e9n\u00e9voles et de policiers affect\u00e9s rien que pour une seule des sorties de la Place de la Bastille (ici vers le Boulevard Beaumarchais).<\/p>\n<p><img loading=\"lazy\" decoding=\"async\" class=\"aligncenter size-full wp-image-1419\" src=\"http:\/\/www.sortirdeparisavelo.fr\/blog\/wp-content\/uploads\/2015\/10\/CP66r-PW8AE0GAz.jpg\" alt=\"CP66r-PW8AE0GAz\" width=\"600\" height=\"448\" srcset=\"http:\/\/www.sortirdeparisavelo.fr\/blog\/wp-content\/uploads\/2015\/10\/CP66r-PW8AE0GAz.jpg 600w, http:\/\/www.sortirdeparisavelo.fr\/blog\/wp-content\/uploads\/2015\/10\/CP66r-PW8AE0GAz-160x120.jpg 160w, http:\/\/www.sortirdeparisavelo.fr\/blog\/wp-content\/uploads\/2015\/10\/CP66r-PW8AE0GAz-320x240.jpg 320w\" sizes=\"auto, (max-width: 600px) 100vw, 600px\" \/><\/p>\n<p>A 17h50 d&rsquo;autres policiers en scooter se coordonnaient Rue Saint-Antoine&#8230;<\/p>\n<p><img loading=\"lazy\" decoding=\"async\" class=\"aligncenter size-full wp-image-1415\" src=\"http:\/\/www.sortirdeparisavelo.fr\/blog\/wp-content\/uploads\/2015\/10\/CP6_DJ8WgAEOIL1.jpg\" alt=\"CP6_DJ8WgAEOIL1\" width=\"600\" height=\"448\" srcset=\"http:\/\/www.sortirdeparisavelo.fr\/blog\/wp-content\/uploads\/2015\/10\/CP6_DJ8WgAEOIL1.jpg 600w, http:\/\/www.sortirdeparisavelo.fr\/blog\/wp-content\/uploads\/2015\/10\/CP6_DJ8WgAEOIL1-160x120.jpg 160w, http:\/\/www.sortirdeparisavelo.fr\/blog\/wp-content\/uploads\/2015\/10\/CP6_DJ8WgAEOIL1-320x240.jpg 320w\" sizes=\"auto, (max-width: 600px) 100vw, 600px\" \/><\/p>\n<p>A 17h55, la voiture escorte arrivait.<\/p>\n<p><img loading=\"lazy\" decoding=\"async\" class=\"aligncenter size-full wp-image-1416\" src=\"http:\/\/www.sortirdeparisavelo.fr\/blog\/wp-content\/uploads\/2015\/10\/CP6_B9aWcAA8eZ0.jpg\" alt=\"CP6_B9aWcAA8eZ0\" width=\"600\" height=\"448\" srcset=\"http:\/\/www.sortirdeparisavelo.fr\/blog\/wp-content\/uploads\/2015\/10\/CP6_B9aWcAA8eZ0.jpg 600w, http:\/\/www.sortirdeparisavelo.fr\/blog\/wp-content\/uploads\/2015\/10\/CP6_B9aWcAA8eZ0-160x120.jpg 160w, http:\/\/www.sortirdeparisavelo.fr\/blog\/wp-content\/uploads\/2015\/10\/CP6_B9aWcAA8eZ0-320x240.jpg 320w\" sizes=\"auto, (max-width: 600px) 100vw, 600px\" \/><\/p>\n<p>Et \u00e0 18h, la circulation dense reprenait derri\u00e8re l&rsquo;escorte. La Journ\u00e9e disparaissait en quelques secondes, comme la Convergence, comme Paris Respire&#8230; Le retour \u00e0 l&rsquo;anormal fut, comme d&rsquo;habitude, tr\u00e8s rapide :\u00a0 la voiture a horreur du vide.<\/p>\n<p><img loading=\"lazy\" decoding=\"async\" class=\"aligncenter size-full wp-image-1418\" src=\"http:\/\/www.sortirdeparisavelo.fr\/blog\/wp-content\/uploads\/2015\/10\/CP6_B8JWIAAT6cw.jpg\" alt=\"CP6_B8JWIAAT6cw\" width=\"600\" height=\"448\" srcset=\"http:\/\/www.sortirdeparisavelo.fr\/blog\/wp-content\/uploads\/2015\/10\/CP6_B8JWIAAT6cw.jpg 600w, http:\/\/www.sortirdeparisavelo.fr\/blog\/wp-content\/uploads\/2015\/10\/CP6_B8JWIAAT6cw-160x120.jpg 160w, http:\/\/www.sortirdeparisavelo.fr\/blog\/wp-content\/uploads\/2015\/10\/CP6_B8JWIAAT6cw-320x240.jpg 320w\" sizes=\"auto, (max-width: 600px) 100vw, 600px\" \/><\/p>\n<p>Pour tenter d&rsquo;illustrer la diff\u00e9rence entre la Journ\u00e9e sans Voiture du Dimanche 27 Septembre 2015 et une journ\u00e9e habituelle, j&rsquo;ai refait le m\u00eame trajet le Dimanche 4 Octobre \u00e0 la m\u00eame heure. Puis, toutes les deux minutes, j&rsquo;ai extrait 8 secondes de la vid\u00e9o de la Journ\u00e9e sans voiture (vid\u00e9o avec les noms de rues), et 8 secondes de la journ\u00e9e normale, quand j&rsquo;\u00e9tais au m\u00eame endroit. Voici le r\u00e9sultat :<\/p>\n<p><iframe loading=\"lazy\" width=\"676\" height=\"380\" src=\"https:\/\/www.youtube.com\/embed\/2U_HS4TIX7g?feature=oembed\" frameborder=\"0\" allowfullscreen><\/iframe><\/p>\n<p>Alors oui, un Dimanche n&rsquo;est pas la journ\u00e9e la plus charg\u00e9e en circulation \u00e0 Paris, et il y avait des voitures pendant la Journ\u00e9e sans. Mais ne pas voir de diff\u00e9rence est tr\u00e8s exag\u00e9r\u00e9. En particulier, il y avait vraiment beaucoup, beaucoup moins de cyclistes la semaine suivante, sans parler des enfants \u00e0 v\u00e9lo. Cette Journ\u00e9e sans voiture r\u00e9pond manifestement \u00e0 une attente forte.<\/p>\n<p>Difficile donc de comprendre certaines <a href=\"https:\/\/twitter.com\/OlivierRazemon\/status\/647287758684332032\">critiques<\/a> faites \u00e0 l&rsquo;avance.<\/p>\n<p>Par exemple le jour J, l&rsquo;op\u00e9ration commen\u00e7a \u00e0 l&rsquo;heure annonc\u00e9e et se termina \u00e0 l&rsquo;heure dite : interrompre et faire reprendre une circulation automobile \u00e0 la place d&rsquo;un\u00a0 flux pi\u00e9ton ne se fait pas avec une synchronisation au doigt mouill\u00e9. Pourquoi annoncer par avance que les horaires ne rimaient \u00e0 rien ?<\/p>\n<div id=\"attachment_1403\" style=\"width: 596px\" class=\"wp-caption aligncenter\"><img loading=\"lazy\" decoding=\"async\" aria-describedby=\"caption-attachment-1403\" class=\"wp-image-1403 size-full\" src=\"http:\/\/www.sortirdeparisavelo.fr\/blog\/wp-content\/uploads\/2015\/10\/razemon.jpg\" alt=\"razemon\" width=\"586\" height=\"140\" srcset=\"http:\/\/www.sortirdeparisavelo.fr\/blog\/wp-content\/uploads\/2015\/10\/razemon.jpg 586w, http:\/\/www.sortirdeparisavelo.fr\/blog\/wp-content\/uploads\/2015\/10\/razemon-160x38.jpg 160w, http:\/\/www.sortirdeparisavelo.fr\/blog\/wp-content\/uploads\/2015\/10\/razemon-320x76.jpg 320w\" sizes=\"auto, (max-width: 586px) 100vw, 586px\" \/><p id=\"caption-attachment-1403\" class=\"wp-caption-text\">Et cette critique l\u00e0 fut une des plus softs&#8230;<\/p><\/div>\n<p>Les critiques furent de deux types : \u00ab\u00a0Ailleurs l&rsquo;herbe est plus verte\u00a0\u00bb, et \u00ab\u00a0C&rsquo;\u00e9tait mieux avant\u00a0\u00bb (quand les Journ\u00e9es sans voiture \u00e9taient le 22 septembre et pas uniquement le Dimanche).<\/p>\n<p>Pour ce qui est des autres endroits, je ne peux pas juger avec grande pertinence. Par contre je suis parisien depuis 25 ans et aux dates concern\u00e9es je travaillais d\u00e9j\u00e0 depuis un moment. Et pourtant je n&rsquo;ai strictement aucun souvenir des pr\u00e9c\u00e9dentes Journ\u00e9es sans voiture qui eurent lieu \u00e0 la fin des ann\u00e9es 90 \/ d\u00e9but 2000.<\/p>\n<p>Aussi j&rsquo;ai d\u00fb me plonger dans les archives des journaux ou de l&rsquo;INA pour retrouver trace de ces journ\u00e9es.<\/p>\n<p>1998 : Si on lit les d\u00e9clarations, \u00ab\u00a0tout Paris \u00e9tait concern\u00e9\u00a0\u00bb, mais en fait en tout et pour tout elle ne concernait que 60 km de voirie interdits sauf aux riverains, avec des autorisations pour nombres de cat\u00e9gories. Les images de l&rsquo;INA\u00a0 montrent le Boulevard Saint-Germain vide,<\/p>\n<p><img loading=\"lazy\" decoding=\"async\" class=\"aligncenter size-full wp-image-1429\" src=\"http:\/\/www.sortirdeparisavelo.fr\/blog\/wp-content\/uploads\/2015\/10\/Capture98.jpg\" alt=\"Capture98\" width=\"845\" height=\"583\" srcset=\"http:\/\/www.sortirdeparisavelo.fr\/blog\/wp-content\/uploads\/2015\/10\/Capture98.jpg 845w, http:\/\/www.sortirdeparisavelo.fr\/blog\/wp-content\/uploads\/2015\/10\/Capture98-160x110.jpg 160w, http:\/\/www.sortirdeparisavelo.fr\/blog\/wp-content\/uploads\/2015\/10\/Capture98-320x221.jpg 320w, http:\/\/www.sortirdeparisavelo.fr\/blog\/wp-content\/uploads\/2015\/10\/Capture98-676x466.jpg 676w\" sizes=\"auto, (max-width: 845px) 100vw, 845px\" \/><\/p>\n<p>..mais les Champs-Elys\u00e9es noirs de voitures (cf le journal de 20h <a href=\"http:\/\/www.dailymotion.com\/video\/xfc5h1_ja2-20h-emission-du-22-septembre-1998_news\">sur dailymotion<\/a> \u00e0 partir de 6:00). A noter : la mise \u00e0 disposition d&rsquo;un millier de v\u00e9los gratuits si je ne me trompe pas (cf mon souvenir de la vision du JT de 13h sur le site de l&rsquo;INA, lien que je n&rsquo;arrive plus \u00e0 retrouver pour le moment).<\/p>\n<div id=\"attachment_1422\" style=\"width: 470px\" class=\"wp-caption aligncenter\"><img loading=\"lazy\" decoding=\"async\" aria-describedby=\"caption-attachment-1422\" class=\"wp-image-1422 size-full\" src=\"http:\/\/www.sortirdeparisavelo.fr\/blog\/wp-content\/uploads\/2015\/10\/Capture.jpg\" alt=\"Capture\" width=\"460\" height=\"345\" srcset=\"http:\/\/www.sortirdeparisavelo.fr\/blog\/wp-content\/uploads\/2015\/10\/Capture.jpg 460w, http:\/\/www.sortirdeparisavelo.fr\/blog\/wp-content\/uploads\/2015\/10\/Capture-160x120.jpg 160w, http:\/\/www.sortirdeparisavelo.fr\/blog\/wp-content\/uploads\/2015\/10\/Capture-320x240.jpg 320w\" sizes=\"auto, (max-width: 460px) 100vw, 460px\" \/><p id=\"caption-attachment-1422\" class=\"wp-caption-text\">Sauf erreur, JT de 13h de 1998, un lien que je n&rsquo;arrive pas \u00e0 retrouver !<\/p><\/div>\n<p>1999 : Un <a href=\"http:\/\/www.lemonde.fr\/archives\/article\/1999\/09\/22\/paris-s-est-adapte-a-la-journee-sans-voitures_23650_1819218.html\" target=\"_blank\">article du Monde lisible gratuitement<\/a> fait la chronique de la journ\u00e9e. Peut-\u00eatre que la pluie avait g\u00e2ch\u00e9 la f\u00eate. La m\u00e9t\u00e9o de 2015 a en effet grandement contribu\u00e9 au succ\u00e8s, assur\u00e9ment. L&rsquo;article du Monde mentionne cependant que m\u00eame en se limitant aux v\u00e9hicules autoris\u00e9s, cela \u00ab\u00a0fait encore beaucoup de monde\u00a0\u00bb. Enfin, la fin est assez int\u00e9ressante \u00e0 lire maintenant :<\/p>\n<p><img loading=\"lazy\" decoding=\"async\" class=\"aligncenter size-full wp-image-1424\" src=\"http:\/\/www.sortirdeparisavelo.fr\/blog\/wp-content\/uploads\/2015\/10\/CQJto-6UwAAIYsT.png\" alt=\"CQJto-6UwAAIYsT\" width=\"599\" height=\"290\" srcset=\"http:\/\/www.sortirdeparisavelo.fr\/blog\/wp-content\/uploads\/2015\/10\/CQJto-6UwAAIYsT.png 599w, http:\/\/www.sortirdeparisavelo.fr\/blog\/wp-content\/uploads\/2015\/10\/CQJto-6UwAAIYsT-160x77.png 160w, http:\/\/www.sortirdeparisavelo.fr\/blog\/wp-content\/uploads\/2015\/10\/CQJto-6UwAAIYsT-320x155.png 320w\" sizes=\"auto, (max-width: 599px) 100vw, 599px\" \/><\/p>\n<p>2000 : Interviewant Dominique Voynet au JT de 13h, G\u00e9rard Holtz lui fait remarquer que \u00ab\u00a0Paris n&rsquo;a pas du tout jou\u00e9 le jeu\u00a0\u00bb. Le JT de 20h montre des images de la Rochelle ou des capitales europ\u00e9ennes, et ne mentionne m\u00eame pas Paris. Andr\u00e9 Santini explique qu&rsquo;Issy-les-Moulineaux a arr\u00eat\u00e9 apr\u00e8s le \u00ab\u00a0binz\u00a0\u00bb des ann\u00e9es pr\u00e9c\u00e9dentes.<\/p>\n<p>2001 : Journ\u00e9e annul\u00e9e \u00e0 cause des effectifs policiers monopolis\u00e9s par les mesures suite aux attentats du 11 Septembre.<\/p>\n<p>2002 : La journ\u00e9e du 22 Septembre tombe un Dimanche, Denis Baupin explique qu&rsquo;il n&rsquo;y peut rien. Quand au p\u00e9rim\u00e8tre, il \u00e9voque celui de la Journ\u00e9e 2015, en plus restreint.<\/p>\n<p><img loading=\"lazy\" decoding=\"async\" class=\"aligncenter size-full wp-image-1426\" src=\"http:\/\/www.sortirdeparisavelo.fr\/blog\/wp-content\/uploads\/2015\/10\/CPvNi06WoAEg_MS.jpg\" alt=\"CPvNi06WoAEg_MS\" width=\"451\" height=\"338\" srcset=\"http:\/\/www.sortirdeparisavelo.fr\/blog\/wp-content\/uploads\/2015\/10\/CPvNi06WoAEg_MS.jpg 451w, http:\/\/www.sortirdeparisavelo.fr\/blog\/wp-content\/uploads\/2015\/10\/CPvNi06WoAEg_MS-160x120.jpg 160w, http:\/\/www.sortirdeparisavelo.fr\/blog\/wp-content\/uploads\/2015\/10\/CPvNi06WoAEg_MS-320x240.jpg 320w\" sizes=\"auto, (max-width: 451px) 100vw, 451px\" \/><\/p>\n<p><a href=\"http:\/\/www.dailymotion.com\/video\/xfbpkb_20-heures-le-journal-emission-du-22_news\" target=\"_blank\">Voir Le JT sur Dailymotion<\/a>, reportage \u00e0 22:00. On y mentionne 750 v\u00e9los gratuits dans l&rsquo;hypercentre. Le reportage se termine sur une phrase sur les personnes \u00e2g\u00e9es se faisant renverser par les cyclistes&#8230;<\/p>\n<div id=\"attachment_1431\" style=\"width: 857px\" class=\"wp-caption aligncenter\"><img loading=\"lazy\" decoding=\"async\" aria-describedby=\"caption-attachment-1431\" class=\"wp-image-1431 size-full\" src=\"http:\/\/www.sortirdeparisavelo.fr\/blog\/wp-content\/uploads\/2015\/10\/Capture2002.jpg\" alt=\"Capture2002\" width=\"847\" height=\"588\" srcset=\"http:\/\/www.sortirdeparisavelo.fr\/blog\/wp-content\/uploads\/2015\/10\/Capture2002.jpg 847w, http:\/\/www.sortirdeparisavelo.fr\/blog\/wp-content\/uploads\/2015\/10\/Capture2002-160x111.jpg 160w, http:\/\/www.sortirdeparisavelo.fr\/blog\/wp-content\/uploads\/2015\/10\/Capture2002-320x222.jpg 320w, http:\/\/www.sortirdeparisavelo.fr\/blog\/wp-content\/uploads\/2015\/10\/Capture2002-676x469.jpg 676w\" sizes=\"auto, (max-width: 847px) 100vw, 847px\" \/><p id=\"caption-attachment-1431\" class=\"wp-caption-text\">\u00ab\u00a0Je respire mieux, malgr\u00e9 que je fume\u00a0\u00bb &#8211; Propos authentiques.<\/p><\/div>\n<p>2003 : Reportage au JT de France 2 (\u00e0 13 minutes dans la vid\u00e9o). Les journalistes filment les bouchons et les \u00e9nervements a priori au sud de l&rsquo;hypercentre de Paris. Le p\u00e9rim\u00e8tre semble \u00eatre toujours le m\u00eame ?<\/p>\n<p><iframe loading=\"lazy\" width=\"676\" height=\"507\" src=\"https:\/\/www.youtube.com\/embed\/5KZQ2MQu1RQ?feature=oembed\" frameborder=\"0\" allowfullscreen><\/iframe><\/p>\n<p>2004 : Le m\u00eame David Pujadas\u00a0 nous explique que la Journ\u00e9e sans voiture est aussi sans enthousiasme, et qu&rsquo;elle n&rsquo;a plus la c\u00f4te : les villes pr\u00e9f\u00e9rent maintenant \u00ab\u00a0les initiatives plus durables\u00a0\u00bb. On voit seulement un barrage \u00e0 Rennes,\u00a0 et le JT fait un reportage sur la gratuit\u00e9 des transports \u00e0 Chateauroux.<\/p>\n<p>2005 : Fin et remplacement par la Semaine de la mobilit\u00e9 ? Difficile de trouver des informations sur ce qui ne semblait plus passionner grand monde.<\/p>\n<p>Bref, il ne faut pas fantasmer les Journ\u00e9es sans voiture d&rsquo;antan. Et les mentions des syst\u00e8mes de v\u00e9los gratuits cr\u00e9\u00e9s ponctuellement pour l&rsquo;occasion \u00e0 l&rsquo;\u00e9poque rappellent \u00e0 quel point Velib change la donne \u00e0 Paris pour le cycliste occasionnel pour de tels \u00e9v\u00e8nements.<\/p>\n<p>Alors certes, le Dimanche sans voiture est moins ambitieux sur le papier qu&rsquo;une Journ\u00e9e sans voiture pouvant tomber en pleine semaine. Mais le feu de paille des quelques journ\u00e9es d&rsquo;antan n&rsquo;a au final pas donn\u00e9 grand chose, et le terme est faible : il n&rsquo;a m\u00eame pas donn\u00e9 de souvenirs. La politique des petits pas est moins flamboyante, mais elle vaut le coup d&rsquo;\u00eatre tent\u00e9e. Si les Dimanche sans voiture deviennent mensuels comme le projet a \u00e9t\u00e9 \u00e9voqu\u00e9, on n&rsquo;aura plus besoin de l&rsquo;INA pour s&rsquo;en rappeler.<\/p>\n<p>Galerie de photos de la journ\u00e9e :<\/p>\n<style id=\"bwg-style-0\">    #bwg_container1_0 #bwg_container2_0 .bwg-container-0.bwg-standard-thumbnails {      width: 904px;              justify-content: center;        margin:0 auto !important;              background-color: rgba(255, 255, 255, 0.00);            padding-left: 4px;      padding-top: 4px;      max-width: 100%;            }        #bwg_container1_0 #bwg_container2_0 .bwg-container-0.bwg-standard-thumbnails .bwg-item {    justify-content: flex-start;      max-width: 180px;            width: 180px !important;          }    #bwg_container1_0 #bwg_container2_0 .bwg-container-0.bwg-standard-thumbnails .bwg-item a {       margin-right: 4px;       margin-bottom: 4px;    }    #bwg_container1_0 #bwg_container2_0 .bwg-container-0.bwg-standard-thumbnails .bwg-item0 {      padding: 0px;            background-color:rgba(255,255,255, 0.30);      border: 0px none #CCCCCC;      opacity: 1.00;      border-radius: 0;      box-shadow: 0px 0px 0px #888888;    }    #bwg_container1_0 #bwg_container2_0 .bwg-container-0.bwg-standard-thumbnails .bwg-item1 img {      max-height: none;      max-width: none;      padding: 0 !important;    }        @media only screen and (min-width: 480px) {      #bwg_container1_0 #bwg_container2_0 .bwg-container-0.bwg-standard-thumbnails .bwg-item0 {        transition: all 0.3s ease 0s;-webkit-transition: all 0.3s ease 0s;      }      #bwg_container1_0 #bwg_container2_0 .bwg-container-0.bwg-standard-thumbnails .bwg-item0:hover {        -ms-transform: scale(1.1);        -webkit-transform: scale(1.1);        transform: scale(1.1);      }    }          #bwg_container1_0 #bwg_container2_0 .bwg-container-0.bwg-standard-thumbnails .bwg-item1 {      padding-top: 50%;    }        #bwg_container1_0 #bwg_container2_0 .bwg-container-0.bwg-standard-thumbnails .bwg-title2,    #bwg_container1_0 #bwg_container2_0 .bwg-container-0.bwg-standard-thumbnails .bwg-ecommerce2 {      color: #CCCCCC;      font-family: segoe ui;      font-size: 16px;      font-weight: bold;      padding: 2px;      text-shadow: 0px 0px 0px #888888;      max-height: 100%;    }    #bwg_container1_0 #bwg_container2_0 .bwg-container-0.bwg-standard-thumbnails .bwg-thumb-description span {    color: #323A45;    font-family: Ubuntu;    font-size: 12px;    max-height: 100%;    word-wrap: break-word;    }    #bwg_container1_0 #bwg_container2_0 .bwg-container-0.bwg-standard-thumbnails .bwg-play-icon2 {      font-size: 32px;    }    #bwg_container1_0 #bwg_container2_0 .bwg-container-0.bwg-standard-thumbnails .bwg-ecommerce2 {      font-size: 19.2px;      color: #CCCCCC;    }    <\/style>    <div id=\"bwg_container1_0\"         class=\"bwg_container bwg_thumbnail bwg_thumbnails \"         data-right-click-protection=\"0\"         data-bwg=\"0\"         data-scroll=\"0\"         data-gallery-type=\"thumbnails\"         data-gallery-view-type=\"thumbnails\"         data-current-url=\"\/blog\/wp-json\/wp\/v2\/posts\/1401\"         data-lightbox-url=\"http:\/\/www.sortirdeparisavelo.fr\/blog\/wp-admin\/admin-ajax.php?action=GalleryBox&#038;current_view=0&#038;gallery_id=35&#038;tag=0&#038;theme_id=1&#038;shortcode_id=43&#038;sort_by=order&#038;order_by=asc&#038;current_url=%2Fblog%2Fwp-json%2Fwp%2Fv2%2Fposts%2F1401\"         data-gallery-id=\"35\"         data-popup-width=\"800\"         data-popup-height=\"500\"         data-is-album=\"gallery\"         data-buttons-position=\"bottom\">      <div id=\"bwg_container2_0\">             <div id=\"ajax_loading_0\" class=\"bwg_loading_div_1\">      <div class=\"bwg_loading_div_2\">        <div class=\"bwg_loading_div_3\">          <div id=\"loading_div_0\" class=\"bwg_spider_ajax_loading\">          <\/div>        <\/div>      <\/div>    <\/div>            <form id=\"gal_front_form_0\"              class=\"bwg-hidden\"              method=\"post\"              action=\"#\"              data-current=\"0\"              data-shortcode-id=\"43\"              data-gallery-type=\"thumbnails\"              data-gallery-id=\"35\"              data-tag=\"0\"              data-album-id=\"0\"              data-theme-id=\"1\"              data-ajax-url=\"http:\/\/www.sortirdeparisavelo.fr\/blog\/wp-admin\/admin-ajax.php?action=bwg_frontend_data\">          <div id=\"bwg_container3_0\" class=\"bwg-background bwg-background-0\">                <div data-max-count=\"5\"         data-thumbnail-width=\"180\"         data-bwg=\"0\"         data-gallery-id=\"35\"         data-lightbox-url=\"http:\/\/www.sortirdeparisavelo.fr\/blog\/wp-admin\/admin-ajax.php?action=GalleryBox&amp;current_view=0&amp;gallery_id=35&amp;tag=0&amp;theme_id=1&amp;shortcode_id=43&amp;sort_by=order&amp;order_by=asc&amp;current_url=%2Fblog%2Fwp-json%2Fwp%2Fv2%2Fposts%2F1401\"         id=\"bwg_thumbnails_0\"         class=\"bwg-container-0 bwg-thumbnails bwg-standard-thumbnails bwg-container bwg-border-box\">            <div class=\"bwg-item\">        <a class=\"bwg-a \"  data-elementor-open-lightbox=\"no\">                <div class=\"bwg-item0 \">          <div class=\"bwg-item1 \">            <div class=\"bwg-item2\">              <img decoding=\"async\" class=\"skip-lazy bwg_standart_thumb_img_0 \"                   data-id=\"1104\"                   data-width=\"\"                   data-height=\"\"                   data-src=\"http:\/\/www.sortirdeparisavelo.fr\/blog\/wp-content\/uploads\/photo-gallery\/151006%20journee\/thumb\/150927ph%20130_DxO.jpg\"                   src=\"http:\/\/www.sortirdeparisavelo.fr\/blog\/wp-content\/uploads\/photo-gallery\/151006%20journee\/thumb\/150927ph%20130_DxO.jpg\"                   alt=\"150927ph 130_DxO\"                   title=\"150927ph 130_DxO\" \/>            <\/div>            <div class=\"\">                                                      <\/div>          <\/div>        <\/div>                        <\/a>              <\/div>            <div class=\"bwg-item\">        <a class=\"bwg-a \"  data-elementor-open-lightbox=\"no\">                <div class=\"bwg-item0 \">          <div class=\"bwg-item1 \">            <div class=\"bwg-item2\">              <img decoding=\"async\" class=\"skip-lazy bwg_standart_thumb_img_0 \"                   data-id=\"1103\"                   data-width=\"\"                   data-height=\"\"                   data-src=\"http:\/\/www.sortirdeparisavelo.fr\/blog\/wp-content\/uploads\/photo-gallery\/151006%20journee\/thumb\/150927ph%20120_DxO.jpg\"                   src=\"http:\/\/www.sortirdeparisavelo.fr\/blog\/wp-content\/uploads\/photo-gallery\/151006%20journee\/thumb\/150927ph%20120_DxO.jpg\"                   alt=\"150927ph 120_DxO\"                   title=\"150927ph 120_DxO\" \/>            <\/div>            <div class=\"\">                                                      <\/div>          <\/div>        <\/div>                        <\/a>              <\/div>            <div class=\"bwg-item\">        <a class=\"bwg-a \"  data-elementor-open-lightbox=\"no\">                <div class=\"bwg-item0 \">          <div class=\"bwg-item1 \">            <div class=\"bwg-item2\">              <img decoding=\"async\" class=\"skip-lazy bwg_standart_thumb_img_0 \"                   data-id=\"1102\"                   data-width=\"\"                   data-height=\"\"                   data-src=\"http:\/\/www.sortirdeparisavelo.fr\/blog\/wp-content\/uploads\/photo-gallery\/151006%20journee\/thumb\/150927ph%20107_DxO.jpg\"                   src=\"http:\/\/www.sortirdeparisavelo.fr\/blog\/wp-content\/uploads\/photo-gallery\/151006%20journee\/thumb\/150927ph%20107_DxO.jpg\"                   alt=\"150927ph 107_DxO\"                   title=\"150927ph 107_DxO\" \/>            <\/div>            <div class=\"\">                                                      <\/div>          <\/div>        <\/div>                        <\/a>              <\/div>            <div class=\"bwg-item\">        <a class=\"bwg-a \"  data-elementor-open-lightbox=\"no\">                <div class=\"bwg-item0 \">          <div class=\"bwg-item1 \">            <div class=\"bwg-item2\">              <img decoding=\"async\" class=\"skip-lazy bwg_standart_thumb_img_0 \"                   data-id=\"1101\"                   data-width=\"\"                   data-height=\"\"                   data-src=\"http:\/\/www.sortirdeparisavelo.fr\/blog\/wp-content\/uploads\/photo-gallery\/151006%20journee\/thumb\/150927ph%20103_DxO.jpg\"                   src=\"http:\/\/www.sortirdeparisavelo.fr\/blog\/wp-content\/uploads\/photo-gallery\/151006%20journee\/thumb\/150927ph%20103_DxO.jpg\"                   alt=\"150927ph 103_DxO\"                   title=\"150927ph 103_DxO\" \/>            <\/div>            <div class=\"\">                                                      <\/div>          <\/div>        <\/div>                        <\/a>              <\/div>            <div class=\"bwg-item\">        <a class=\"bwg-a \"  data-elementor-open-lightbox=\"no\">                <div class=\"bwg-item0 \">          <div class=\"bwg-item1 \">            <div class=\"bwg-item2\">              <img decoding=\"async\" class=\"skip-lazy bwg_standart_thumb_img_0 \"                   data-id=\"1100\"                   data-width=\"\"                   data-height=\"\"                   data-src=\"http:\/\/www.sortirdeparisavelo.fr\/blog\/wp-content\/uploads\/photo-gallery\/151006%20journee\/thumb\/150927ph%20100_DxO.jpg\"                   src=\"http:\/\/www.sortirdeparisavelo.fr\/blog\/wp-content\/uploads\/photo-gallery\/151006%20journee\/thumb\/150927ph%20100_DxO.jpg\"                   alt=\"150927ph 100_DxO\"                   title=\"150927ph 100_DxO\" \/>            <\/div>            <div class=\"\">                                                      <\/div>          <\/div>        <\/div>                        <\/a>              <\/div>            <div class=\"bwg-item\">        <a class=\"bwg-a \"  data-elementor-open-lightbox=\"no\">                <div class=\"bwg-item0 \">          <div class=\"bwg-item1 \">            <div class=\"bwg-item2\">              <img decoding=\"async\" class=\"skip-lazy bwg_standart_thumb_img_0 \"                   data-id=\"1099\"                   data-width=\"\"                   data-height=\"\"                   data-src=\"http:\/\/www.sortirdeparisavelo.fr\/blog\/wp-content\/uploads\/photo-gallery\/151006%20journee\/thumb\/150927ph%20093_DxO.jpg\"                   src=\"http:\/\/www.sortirdeparisavelo.fr\/blog\/wp-content\/uploads\/photo-gallery\/151006%20journee\/thumb\/150927ph%20093_DxO.jpg\"                   alt=\"150927ph 093_DxO\"                   title=\"150927ph 093_DxO\" \/>            <\/div>            <div class=\"\">                                                      <\/div>          <\/div>        <\/div>                        <\/a>              <\/div>            <div class=\"bwg-item\">        <a class=\"bwg-a \"  data-elementor-open-lightbox=\"no\">                <div class=\"bwg-item0 \">          <div class=\"bwg-item1 \">            <div class=\"bwg-item2\">              <img decoding=\"async\" class=\"skip-lazy bwg_standart_thumb_img_0 \"                   data-id=\"1098\"                   data-width=\"\"                   data-height=\"\"                   data-src=\"http:\/\/www.sortirdeparisavelo.fr\/blog\/wp-content\/uploads\/photo-gallery\/151006%20journee\/thumb\/150927ph%20062_DxO.jpg\"                   src=\"http:\/\/www.sortirdeparisavelo.fr\/blog\/wp-content\/uploads\/photo-gallery\/151006%20journee\/thumb\/150927ph%20062_DxO.jpg\"                   alt=\"150927ph 062_DxO\"                   title=\"150927ph 062_DxO\" \/>            <\/div>            <div class=\"\">                                                      <\/div>          <\/div>        <\/div>                        <\/a>              <\/div>            <div class=\"bwg-item\">        <a class=\"bwg-a \"  data-elementor-open-lightbox=\"no\">                <div class=\"bwg-item0 \">          <div class=\"bwg-item1 \">            <div class=\"bwg-item2\">              <img decoding=\"async\" class=\"skip-lazy bwg_standart_thumb_img_0 \"                   data-id=\"1097\"                   data-width=\"\"                   data-height=\"\"                   data-src=\"http:\/\/www.sortirdeparisavelo.fr\/blog\/wp-content\/uploads\/photo-gallery\/151006%20journee\/thumb\/150927ph%20052_DxO.jpg\"                   src=\"http:\/\/www.sortirdeparisavelo.fr\/blog\/wp-content\/uploads\/photo-gallery\/151006%20journee\/thumb\/150927ph%20052_DxO.jpg\"                   alt=\"150927ph 052_DxO\"                   title=\"150927ph 052_DxO\" \/>            <\/div>            <div class=\"\">                                                      <\/div>          <\/div>        <\/div>                        <\/a>              <\/div>            <div class=\"bwg-item\">        <a class=\"bwg-a \"  data-elementor-open-lightbox=\"no\">                <div class=\"bwg-item0 \">          <div class=\"bwg-item1 \">            <div class=\"bwg-item2\">              <img decoding=\"async\" class=\"skip-lazy bwg_standart_thumb_img_0 \"                   data-id=\"1096\"                   data-width=\"\"                   data-height=\"\"                   data-src=\"http:\/\/www.sortirdeparisavelo.fr\/blog\/wp-content\/uploads\/photo-gallery\/151006%20journee\/thumb\/150927ph%20035_DxO.jpg\"                   src=\"http:\/\/www.sortirdeparisavelo.fr\/blog\/wp-content\/uploads\/photo-gallery\/151006%20journee\/thumb\/150927ph%20035_DxO.jpg\"                   alt=\"150927ph 035_DxO\"                   title=\"150927ph 035_DxO\" \/>            <\/div>            <div class=\"\">                                                      <\/div>          <\/div>        <\/div>                        <\/a>              <\/div>            <div class=\"bwg-item\">        <a class=\"bwg-a \"  data-elementor-open-lightbox=\"no\">                <div class=\"bwg-item0 \">          <div class=\"bwg-item1 \">            <div class=\"bwg-item2\">              <img decoding=\"async\" class=\"skip-lazy bwg_standart_thumb_img_0 \"                   data-id=\"1095\"                   data-width=\"\"                   data-height=\"\"                   data-src=\"http:\/\/www.sortirdeparisavelo.fr\/blog\/wp-content\/uploads\/photo-gallery\/151006%20journee\/thumb\/150927ph%20034_DxO.jpg\"                   src=\"http:\/\/www.sortirdeparisavelo.fr\/blog\/wp-content\/uploads\/photo-gallery\/151006%20journee\/thumb\/150927ph%20034_DxO.jpg\"                   alt=\"150927ph 034_DxO\"                   title=\"150927ph 034_DxO\" \/>            <\/div>            <div class=\"\">                                                      <\/div>          <\/div>        <\/div>                        <\/a>              <\/div>            <div class=\"bwg-item\">        <a class=\"bwg-a \"  data-elementor-open-lightbox=\"no\">                <div class=\"bwg-item0 \">          <div class=\"bwg-item1 \">            <div class=\"bwg-item2\">              <img decoding=\"async\" class=\"skip-lazy bwg_standart_thumb_img_0 \"                   data-id=\"1094\"                   data-width=\"\"                   data-height=\"\"                   data-src=\"http:\/\/www.sortirdeparisavelo.fr\/blog\/wp-content\/uploads\/photo-gallery\/151006%20journee\/thumb\/150927ph%20025_DxO.jpg\"                   src=\"http:\/\/www.sortirdeparisavelo.fr\/blog\/wp-content\/uploads\/photo-gallery\/151006%20journee\/thumb\/150927ph%20025_DxO.jpg\"                   alt=\"150927ph 025_DxO\"                   title=\"150927ph 025_DxO\" \/>            <\/div>            <div class=\"\">                                                      <\/div>          <\/div>        <\/div>                        <\/a>              <\/div>            <div class=\"bwg-item\">        <a class=\"bwg-a \"  data-elementor-open-lightbox=\"no\">                <div class=\"bwg-item0 \">          <div class=\"bwg-item1 \">            <div class=\"bwg-item2\">              <img decoding=\"async\" class=\"skip-lazy bwg_standart_thumb_img_0 \"                   data-id=\"1093\"                   data-width=\"\"                   data-height=\"\"                   data-src=\"http:\/\/www.sortirdeparisavelo.fr\/blog\/wp-content\/uploads\/photo-gallery\/151006%20journee\/thumb\/150927ph%20004_DxO.jpg\"                   src=\"http:\/\/www.sortirdeparisavelo.fr\/blog\/wp-content\/uploads\/photo-gallery\/151006%20journee\/thumb\/150927ph%20004_DxO.jpg\"                   alt=\"150927ph 004_DxO\"                   title=\"150927ph 004_DxO\" \/>            <\/div>            <div class=\"\">                                                      <\/div>          <\/div>        <\/div>                        <\/a>              <\/div>            <div class=\"bwg-item\">        <a class=\"bwg-a \"  data-elementor-open-lightbox=\"no\">                <div class=\"bwg-item0 \">          <div class=\"bwg-item1 \">            <div class=\"bwg-item2\">              <img decoding=\"async\" class=\"skip-lazy bwg_standart_thumb_img_0 \"                   data-id=\"1092\"                   data-width=\"\"                   data-height=\"\"                   data-src=\"http:\/\/www.sortirdeparisavelo.fr\/blog\/wp-content\/uploads\/photo-gallery\/151006%20journee\/thumb\/150924%20056_DxO.jpg\"                   src=\"http:\/\/www.sortirdeparisavelo.fr\/blog\/wp-content\/uploads\/photo-gallery\/151006%20journee\/thumb\/150924%20056_DxO.jpg\"                   alt=\"150924 056_DxO\"                   title=\"150924 056_DxO\" \/>            <\/div>            <div class=\"\">                                                      <\/div>          <\/div>        <\/div>                        <\/a>              <\/div>          <\/div>    <style>      \/*pagination styles*\/      #bwg_container1_0 #bwg_container2_0 .tablenav-pages_0 {\t\t\t\ttext-align: center;\t\t\t\tfont-size: 12px;\t\t\t\tfont-family: segoe ui;\t\t\t\tfont-weight: bold;\t\t\t\tcolor: #666666;\t\t\t\tmargin: 6px 0 4px;\t\t\t\tdisplay: block;      }      @media only screen and (max-width : 320px) {      #bwg_container1_0 #bwg_container2_0 .displaying-num_0 {     \t display: none;      }      }      #bwg_container1_0 #bwg_container2_0 .displaying-num_0 {\t\t\t\tfont-size: 12px;\t\t\t\tfont-family: segoe ui;\t\t\t\tfont-weight: bold;\t\t\t\tcolor: #666666;\t\t\t\tmargin-right: 10px;\t\t\t\tvertical-align: middle;      }      #bwg_container1_0 #bwg_container2_0 .paging-input_0 {\t\t\t\tfont-size: 12px;\t\t\t\tfont-family: segoe ui;\t\t\t\tfont-weight: bold;\t\t\t\tcolor: #666666;\t\t\t\tvertical-align: middle;      }      #bwg_container1_0 #bwg_container2_0 .tablenav-pages_0 a.disabled,      #bwg_container1_0 #bwg_container2_0 .tablenav-pages_0 a.disabled:hover,      #bwg_container1_0 #bwg_container2_0 .tablenav-pages_0 a.disabled:focus,\t\t\t#bwg_container1_0 #bwg_container2_0 .tablenav-pages_0 input.bwg_current_page {\t\t\t\tcursor: default;\t\t\t\tcolor: rgba(102, 102, 102, 0.5);      }      #bwg_container1_0 #bwg_container2_0 .tablenav-pages_0 a,      #bwg_container1_0 #bwg_container2_0 .tablenav-pages_0 input.bwg_current_page {\t\t\t\tcursor: pointer;\t\t\t\ttext-align: center;\t\t\t\tfont-size: 12px;\t\t\t\tfont-family: segoe ui;\t\t\t\tfont-weight: bold;\t\t\t\tcolor: #666666;\t\t\t\ttext-decoration: none;\t\t\t\tpadding: 3px 6px;\t\t\t\tmargin: 0;\t\t\t\tborder-radius: 0;\t\t\t\tborder-style: solid;\t\t\t\tborder-width: 1px;\t\t\t\tborder-color: #E3E3E3;\t\t\t\t\t\t\t\tbackground-color: rgba(255, 255, 255, 1.00);\t\t\t\tbox-shadow: 0;\t\t\t\ttransition: all 0.3s ease 0s;-webkit-transition: all 0.3s ease 0s;      }      <\/style>      <span class=\"bwg_nav_cont_0\">              <div class=\"tablenav-pages_0\">                  <\/div>                <input type=\"hidden\" id=\"page_number_0\" name=\"page_number_0\" value=\"1\" \/>      <script type=\"text\/javascript\">        if( jQuery('.bwg_nav_cont_0').length > 1 ) {          jQuery('.bwg_nav_cont_0').first().remove()        }        function spider_page_0(cur, x, y, load_more) {          if (typeof load_more == \"undefined\") {            var load_more = false;          }          if (jQuery(cur).hasClass('disabled')) {            return false;          }          var items_county_0 = 1;          switch (y) {            case 1:              if (x >= items_county_0) {                document.getElementById('page_number_0').value = items_county_0;              }              else {                document.getElementById('page_number_0').value = x + 1;              }              break;            case 2:              document.getElementById('page_number_0').value = items_county_0;              break;            case -1:              if (x == 1) {                document.getElementById('page_number_0').value = 1;              }              else {                document.getElementById('page_number_0').value = x - 1;              }              break;            case -2:              document.getElementById('page_number_0').value = 1;              break;\t\t\t\t\t\tcase 0:              document.getElementById('page_number_0').value = x;              break;            default:              document.getElementById('page_number_0').value = 1;          }          bwg_ajax('gal_front_form_0', '0', 'bwg_thumbnails_0', '0', '', 'gallery', 0, '', '', load_more, '', 1);        }                    jQuery('.first-page-0').on('click', function () {              spider_page_0(this, 1, -2, 'numeric');              return false;            });            jQuery('.prev-page-0').on('click', function () {              spider_page_0(this, 1, -1, 'numeric');              return false;            });            jQuery('.next-page-0').on('click', function () {              spider_page_0(this, 1, 1, 'numeric');              return false;            });            jQuery('.last-page-0').on('click', function () {              spider_page_0(this, 1, 2, 'numeric');              return false;            });        \t\t\t\t\/* Change page on input enter. *\/        function bwg_change_page_0( e, that ) {          if (  e.key == 'Enter' ) {            var to_page = parseInt(jQuery(that).val());            var pages_count = jQuery(that).parents(\".pagination-links\").data(\"pages-count\");            var current_url_param = jQuery(that).attr('data-url-info');            if (to_page > pages_count) {              to_page = 1;            }\t \t\t\t\t\t\t\t\t\t\t\t\tspider_page_0(this, to_page, 0, 'numeric');\t\t\t\t\t\t\treturn false;\t\t\t\t\t\t          }          return true;        }        jQuery('.bwg_load_btn_0').on('click', function () {            spider_page_0(this, 1, 1, true);            return false;        });      <\/script>      <\/span>                <\/div>        <\/form>              <\/div>    <\/div>    <script>      if (document.readyState === 'complete') {        if( typeof bwg_main_ready == 'function' ) {          if ( jQuery(\"#bwg_container1_0\").height() ) {            bwg_main_ready(jQuery(\"#bwg_container1_0\"));          }        }      } else {        document.addEventListener('DOMContentLoaded', function() {          if( typeof bwg_main_ready == 'function' ) {            if ( jQuery(\"#bwg_container1_0\").height() ) {             bwg_main_ready(jQuery(\"#bwg_container1_0\"));            }          }        });      }    <\/script>    \n<p>&nbsp;<\/p>\n","protected":false},"excerpt":{"rendered":"<p>Retour sur la Journ\u00e9e sans voiture, le Dimanche suivant, et les Journ\u00e9es d&rsquo;avant.<\/p>\n","protected":false},"author":1,"featured_media":1404,"comment_status":"open","ping_status":"open","sticky":false,"template":"","format":"standard","meta":{"_monsterinsights_skip_tracking":false,"_monsterinsights_sitenote_active":false,"_monsterinsights_sitenote_note":"","_monsterinsights_sitenote_category":0,"_uf_show_specific_survey":0,"_uf_disable_surveys":false,"footnotes":""},"categories":[201,180],"tags":[203,205,4],"class_list":["post-1401","post","type-post","status-publish","format-standard","has-post-thumbnail","hentry","category-histoire","category-paris-divers","tag-histoire","tag-journee-sans-voiture","tag-paris","post-preview"],"_links":{"self":[{"href":"http:\/\/www.sortirdeparisavelo.fr\/blog\/wp-json\/wp\/v2\/posts\/1401","targetHints":{"allow":["GET"]}}],"collection":[{"href":"http:\/\/www.sortirdeparisavelo.fr\/blog\/wp-json\/wp\/v2\/posts"}],"about":[{"href":"http:\/\/www.sortirdeparisavelo.fr\/blog\/wp-json\/wp\/v2\/types\/post"}],"author":[{"embeddable":true,"href":"http:\/\/www.sortirdeparisavelo.fr\/blog\/wp-json\/wp\/v2\/users\/1"}],"replies":[{"embeddable":true,"href":"http:\/\/www.sortirdeparisavelo.fr\/blog\/wp-json\/wp\/v2\/comments?post=1401"}],"version-history":[{"count":30,"href":"http:\/\/www.sortirdeparisavelo.fr\/blog\/wp-json\/wp\/v2\/posts\/1401\/revisions"}],"predecessor-version":[{"id":1448,"href":"http:\/\/www.sortirdeparisavelo.fr\/blog\/wp-json\/wp\/v2\/posts\/1401\/revisions\/1448"}],"wp:featuredmedia":[{"embeddable":true,"href":"http:\/\/www.sortirdeparisavelo.fr\/blog\/wp-json\/wp\/v2\/media\/1404"}],"wp:attachment":[{"href":"http:\/\/www.sortirdeparisavelo.fr\/blog\/wp-json\/wp\/v2\/media?parent=1401"}],"wp:term":[{"taxonomy":"category","embeddable":true,"href":"http:\/\/www.sortirdeparisavelo.fr\/blog\/wp-json\/wp\/v2\/categories?post=1401"},{"taxonomy":"post_tag","embeddable":true,"href":"http:\/\/www.sortirdeparisavelo.fr\/blog\/wp-json\/wp\/v2\/tags?post=1401"}],"curies":[{"name":"wp","href":"https:\/\/api.w.org\/{rel}","templated":true}]}}