{"id":1818,"date":"2016-08-27T23:36:01","date_gmt":"2016-08-27T22:36:01","guid":{"rendered":"http:\/\/www.sortirdeparisavelo.fr\/blog\/?p=1818"},"modified":"2016-12-23T11:18:41","modified_gmt":"2016-12-23T10:18:41","slug":"comment-remplir-un-nouveau-parking-velo-a-paris","status":"publish","type":"post","link":"http:\/\/www.sortirdeparisavelo.fr\/blog\/2016\/08\/comment-remplir-un-nouveau-parking-velo-a-paris\/","title":{"rendered":"Comment remplir un nouveau parking v\u00e9lo \u00e0 Paris"},"content":{"rendered":"<p>Une observation anecdotique ou une approche radicale ?<\/p>\n<p><!--more--><\/p>\n<p>L&rsquo;ann\u00e9e derni\u00e8re, j&rsquo;avais fait un court topo sur <a href=\"http:\/\/www.sortirdeparisavelo.fr\/blog\/2015\/06\/les-parkings-velos-au-centre-de-paris\/\">Les parkings v\u00e9los au centre de Paris <\/a>. J&rsquo;y montrais que mettre des arceaux \u00e9tait facile \u00e0 faire, mais que de les voir occup\u00e9s par des v\u00e9los n&rsquo;\u00e9tait pas syst\u00e9matique : on pouvait trouver des v\u00e9los accroch\u00e9s aux barri\u00e8res croix de Saint Andr\u00e9 \u00e0 quelques m\u00e8tres d&rsquo;arceaux vides.<\/p>\n<p>Ces barri\u00e8res sont vraiment \u00ab\u00a0le\u00a0\u00bb parking officieux de Paris, qui permet de mettre les antivols et oriente le v\u00e9lo dans le sens de la circulation (des v\u00e9hicules comme des pi\u00e9tons), bref, on a l&rsquo;impression de bien prot\u00e9ger son v\u00e9lo sans g\u00eaner grand monde (et, bien souvent, c&rsquo;est vrai !).<\/p>\n<p><img loading=\"lazy\" decoding=\"async\" class=\"aligncenter size-large wp-image-1828\" src=\"http:\/\/www.sortirdeparisavelo.fr\/blog\/wp-content\/uploads\/2016\/08\/SAM_6352_DxO-1-1200x800.jpg\" alt=\"SAM_6352_DxO\" width=\"676\" height=\"451\" srcset=\"http:\/\/www.sortirdeparisavelo.fr\/blog\/wp-content\/uploads\/2016\/08\/SAM_6352_DxO-1-1200x800.jpg 1200w, http:\/\/www.sortirdeparisavelo.fr\/blog\/wp-content\/uploads\/2016\/08\/SAM_6352_DxO-1-160x107.jpg 160w, http:\/\/www.sortirdeparisavelo.fr\/blog\/wp-content\/uploads\/2016\/08\/SAM_6352_DxO-1-320x213.jpg 320w, http:\/\/www.sortirdeparisavelo.fr\/blog\/wp-content\/uploads\/2016\/08\/SAM_6352_DxO-1-768x512.jpg 768w, http:\/\/www.sortirdeparisavelo.fr\/blog\/wp-content\/uploads\/2016\/08\/SAM_6352_DxO-1-676x451.jpg 676w\" sizes=\"auto, (max-width: 676px) 100vw, 676px\" \/><\/p>\n<p>Peu apr\u00e8s cet article, la mairie de Paris a ajout\u00e9 des arceaux suppl\u00e9mentaires, notamment \u00e0 Jussieu, l\u00e0 ou je relevais qu&rsquo;il \u00e9tait vraiment \u00e9tonnant de ne pas en trouver. Avant :<\/p>\n<p><img loading=\"lazy\" decoding=\"async\" class=\"aligncenter size-large wp-image-1819\" src=\"http:\/\/www.sortirdeparisavelo.fr\/blog\/wp-content\/uploads\/2016\/08\/0902-010-1200x800.jpg\" alt=\"0902 010\" width=\"676\" height=\"451\" srcset=\"http:\/\/www.sortirdeparisavelo.fr\/blog\/wp-content\/uploads\/2016\/08\/0902-010-1200x800.jpg 1200w, http:\/\/www.sortirdeparisavelo.fr\/blog\/wp-content\/uploads\/2016\/08\/0902-010-160x107.jpg 160w, http:\/\/www.sortirdeparisavelo.fr\/blog\/wp-content\/uploads\/2016\/08\/0902-010-320x213.jpg 320w, http:\/\/www.sortirdeparisavelo.fr\/blog\/wp-content\/uploads\/2016\/08\/0902-010-768x512.jpg 768w, http:\/\/www.sortirdeparisavelo.fr\/blog\/wp-content\/uploads\/2016\/08\/0902-010-676x451.jpg 676w, http:\/\/www.sortirdeparisavelo.fr\/blog\/wp-content\/uploads\/2016\/08\/0902-010.jpg 1800w\" sizes=\"auto, (max-width: 676px) 100vw, 676px\" \/><\/p>\n<p>Maintenant (photo prise un jour sans cours) :<\/p>\n<p><img loading=\"lazy\" decoding=\"async\" class=\"aligncenter size-full wp-image-1820\" src=\"http:\/\/www.sortirdeparisavelo.fr\/blog\/wp-content\/uploads\/2016\/08\/CjEuWdBWsAAGjw9.jpg\" alt=\"CjEuWdBWsAAGjw9\" width=\"600\" height=\"450\" srcset=\"http:\/\/www.sortirdeparisavelo.fr\/blog\/wp-content\/uploads\/2016\/08\/CjEuWdBWsAAGjw9.jpg 600w, http:\/\/www.sortirdeparisavelo.fr\/blog\/wp-content\/uploads\/2016\/08\/CjEuWdBWsAAGjw9-160x120.jpg 160w, http:\/\/www.sortirdeparisavelo.fr\/blog\/wp-content\/uploads\/2016\/08\/CjEuWdBWsAAGjw9-320x240.jpg 320w\" sizes=\"auto, (max-width: 600px) 100vw, 600px\" \/><\/p>\n<p>Et de m\u00eame, boulevard Saint-Germain, je trouvais deux autres tout nouveaux parkings :<\/p>\n<p><img loading=\"lazy\" decoding=\"async\" class=\"aligncenter size-full wp-image-1821\" src=\"http:\/\/www.sortirdeparisavelo.fr\/blog\/wp-content\/uploads\/2016\/08\/CjEqpvCWgAEiqPC.jpg\" alt=\"CjEqpvCWgAEiqPC\" width=\"600\" height=\"450\" srcset=\"http:\/\/www.sortirdeparisavelo.fr\/blog\/wp-content\/uploads\/2016\/08\/CjEqpvCWgAEiqPC.jpg 600w, http:\/\/www.sortirdeparisavelo.fr\/blog\/wp-content\/uploads\/2016\/08\/CjEqpvCWgAEiqPC-160x120.jpg 160w, http:\/\/www.sortirdeparisavelo.fr\/blog\/wp-content\/uploads\/2016\/08\/CjEqpvCWgAEiqPC-320x240.jpg 320w\" sizes=\"auto, (max-width: 600px) 100vw, 600px\" \/><\/p>\n<p><img loading=\"lazy\" decoding=\"async\" class=\"aligncenter size-full wp-image-1822\" src=\"http:\/\/www.sortirdeparisavelo.fr\/blog\/wp-content\/uploads\/2016\/08\/CjEnPTsW0AA781E.jpg\" alt=\"CjEnPTsW0AA781E\" width=\"600\" height=\"450\" srcset=\"http:\/\/www.sortirdeparisavelo.fr\/blog\/wp-content\/uploads\/2016\/08\/CjEnPTsW0AA781E.jpg 600w, http:\/\/www.sortirdeparisavelo.fr\/blog\/wp-content\/uploads\/2016\/08\/CjEnPTsW0AA781E-160x120.jpg 160w, http:\/\/www.sortirdeparisavelo.fr\/blog\/wp-content\/uploads\/2016\/08\/CjEnPTsW0AA781E-320x240.jpg 320w\" sizes=\"auto, (max-width: 600px) 100vw, 600px\" \/><\/p>\n<p>Le premier est un peu \u00ab\u00a0loin\u00a0\u00bb d&rsquo;endroits o\u00f9 on pouvait trouver des v\u00e9los, le deuxi\u00e8me en revanche, est proche d&rsquo;un endroit o\u00f9 on trouve des v\u00e9los entass\u00e9s.<\/p>\n<p><img loading=\"lazy\" decoding=\"async\" class=\"aligncenter wp-image-1823\" src=\"http:\/\/www.sortirdeparisavelo.fr\/blog\/wp-content\/uploads\/2016\/08\/distance.png\" alt=\"distance\" width=\"774\" height=\"431\" srcset=\"http:\/\/www.sortirdeparisavelo.fr\/blog\/wp-content\/uploads\/2016\/08\/distance.png 1016w, http:\/\/www.sortirdeparisavelo.fr\/blog\/wp-content\/uploads\/2016\/08\/distance-160x89.png 160w, http:\/\/www.sortirdeparisavelo.fr\/blog\/wp-content\/uploads\/2016\/08\/distance-320x178.png 320w, http:\/\/www.sortirdeparisavelo.fr\/blog\/wp-content\/uploads\/2016\/08\/distance-768x428.png 768w, http:\/\/www.sortirdeparisavelo.fr\/blog\/wp-content\/uploads\/2016\/08\/distance-676x377.png 676w\" sizes=\"auto, (max-width: 774px) 100vw, 774px\" \/><\/p>\n<p>Je l&rsquo;avais d&rsquo;ailleurs photographi\u00e9 comme exemple de parking officieux, avant la pose des arceaux :<\/p>\n<p><img loading=\"lazy\" decoding=\"async\" class=\"aligncenter size-large wp-image-1824\" src=\"http:\/\/www.sortirdeparisavelo.fr\/blog\/wp-content\/uploads\/2016\/08\/parkingfff-1200x800.jpg\" alt=\"parkingfff\" width=\"676\" height=\"451\" srcset=\"http:\/\/www.sortirdeparisavelo.fr\/blog\/wp-content\/uploads\/2016\/08\/parkingfff-1200x800.jpg 1200w, http:\/\/www.sortirdeparisavelo.fr\/blog\/wp-content\/uploads\/2016\/08\/parkingfff-160x107.jpg 160w, http:\/\/www.sortirdeparisavelo.fr\/blog\/wp-content\/uploads\/2016\/08\/parkingfff-320x213.jpg 320w, http:\/\/www.sortirdeparisavelo.fr\/blog\/wp-content\/uploads\/2016\/08\/parkingfff-768x512.jpg 768w, http:\/\/www.sortirdeparisavelo.fr\/blog\/wp-content\/uploads\/2016\/08\/parkingfff-676x451.jpg 676w, http:\/\/www.sortirdeparisavelo.fr\/blog\/wp-content\/uploads\/2016\/08\/parkingfff.jpg 1800w\" sizes=\"auto, (max-width: 676px) 100vw, 676px\" \/><\/p>\n<p>Et je constatais une nouvelle fois que m\u00eame apr\u00e8s la pose des arceaux, le parking officieux continuait d&rsquo;\u00eatre pr\u00e9f\u00e9r\u00e9 : en m\u00eame temps que la photo du parking vide plus haut, on pouvait voir ceci.<\/p>\n<p><img loading=\"lazy\" decoding=\"async\" class=\"aligncenter size-full wp-image-1826\" src=\"http:\/\/www.sortirdeparisavelo.fr\/blog\/wp-content\/uploads\/2016\/08\/CjEnPTMWsAEx9v7.jpg\" alt=\"CjEnPTMWsAEx9v7\" width=\"600\" height=\"450\" srcset=\"http:\/\/www.sortirdeparisavelo.fr\/blog\/wp-content\/uploads\/2016\/08\/CjEnPTMWsAEx9v7.jpg 600w, http:\/\/www.sortirdeparisavelo.fr\/blog\/wp-content\/uploads\/2016\/08\/CjEnPTMWsAEx9v7-160x120.jpg 160w, http:\/\/www.sortirdeparisavelo.fr\/blog\/wp-content\/uploads\/2016\/08\/CjEnPTMWsAEx9v7-320x240.jpg 320w\" sizes=\"auto, (max-width: 600px) 100vw, 600px\" \/><\/p>\n<p>StreetView confirme qu&rsquo;on y trouve ces v\u00e9los de r\u00e9sidents depuis plusieurs ann\u00e9es.<\/p>\n<p><img loading=\"lazy\" decoding=\"async\" class=\"aligncenter wp-image-1825\" src=\"http:\/\/www.sortirdeparisavelo.fr\/blog\/wp-content\/uploads\/2016\/08\/2014.png\" alt=\"2014\" width=\"850\" height=\"490\" srcset=\"http:\/\/www.sortirdeparisavelo.fr\/blog\/wp-content\/uploads\/2016\/08\/2014.png 968w, http:\/\/www.sortirdeparisavelo.fr\/blog\/wp-content\/uploads\/2016\/08\/2014-160x92.png 160w, http:\/\/www.sortirdeparisavelo.fr\/blog\/wp-content\/uploads\/2016\/08\/2014-320x184.png 320w, http:\/\/www.sortirdeparisavelo.fr\/blog\/wp-content\/uploads\/2016\/08\/2014-768x443.png 768w, http:\/\/www.sortirdeparisavelo.fr\/blog\/wp-content\/uploads\/2016\/08\/2014-676x390.png 676w\" sizes=\"auto, (max-width: 850px) 100vw, 850px\" \/><\/p>\n<p><img loading=\"lazy\" decoding=\"async\" class=\"aligncenter wp-image-1830\" src=\"http:\/\/www.sortirdeparisavelo.fr\/blog\/wp-content\/uploads\/2016\/08\/2015.png\" alt=\"2015\" width=\"851\" height=\"468\" srcset=\"http:\/\/www.sortirdeparisavelo.fr\/blog\/wp-content\/uploads\/2016\/08\/2015.png 998w, http:\/\/www.sortirdeparisavelo.fr\/blog\/wp-content\/uploads\/2016\/08\/2015-160x88.png 160w, http:\/\/www.sortirdeparisavelo.fr\/blog\/wp-content\/uploads\/2016\/08\/2015-320x176.png 320w, http:\/\/www.sortirdeparisavelo.fr\/blog\/wp-content\/uploads\/2016\/08\/2015-768x422.png 768w, http:\/\/www.sortirdeparisavelo.fr\/blog\/wp-content\/uploads\/2016\/08\/2015-676x372.png 676w\" sizes=\"auto, (max-width: 851px) 100vw, 851px\" \/><\/p>\n<p>Je continuais de passer pr\u00e8s de ce nouveau parking vide en me disant que d\u00e9cid\u00e9ment les cyclistes parisiens \u00e9taient bien ingrats et\/ou partisans du moindre effort,\u00a0 quand, r\u00e9cemment je vis ceci :<\/p>\n<p><img loading=\"lazy\" decoding=\"async\" class=\"aligncenter size-large wp-image-1831\" src=\"http:\/\/www.sortirdeparisavelo.fr\/blog\/wp-content\/uploads\/2016\/08\/SAM_6735_DxO-1200x800.jpg\" alt=\"SAM_6735_DxO\" width=\"676\" height=\"451\" srcset=\"http:\/\/www.sortirdeparisavelo.fr\/blog\/wp-content\/uploads\/2016\/08\/SAM_6735_DxO-1200x800.jpg 1200w, http:\/\/www.sortirdeparisavelo.fr\/blog\/wp-content\/uploads\/2016\/08\/SAM_6735_DxO-160x107.jpg 160w, http:\/\/www.sortirdeparisavelo.fr\/blog\/wp-content\/uploads\/2016\/08\/SAM_6735_DxO-320x213.jpg 320w, http:\/\/www.sortirdeparisavelo.fr\/blog\/wp-content\/uploads\/2016\/08\/SAM_6735_DxO-768x512.jpg 768w, http:\/\/www.sortirdeparisavelo.fr\/blog\/wp-content\/uploads\/2016\/08\/SAM_6735_DxO-676x451.jpg 676w\" sizes=\"auto, (max-width: 676px) 100vw, 676px\" \/><\/p>\n<p>Le parking \u00e9tait utilis\u00e9. Et vous pouvez reconna\u00eetre certains v\u00e9los du parking officieux.<\/p>\n<p>Je ne me posais pas longtemps la question du pourquoi, car je vis que ce r\u00e9sultat avait \u00e9t\u00e9 obtenu&#8230;<\/p>\n<p><img loading=\"lazy\" decoding=\"async\" class=\"aligncenter size-large wp-image-1832\" src=\"http:\/\/www.sortirdeparisavelo.fr\/blog\/wp-content\/uploads\/2016\/08\/SAM_6733_DxO-1195x800.jpg\" alt=\"SAM_6733_DxO\" width=\"676\" height=\"453\" srcset=\"http:\/\/www.sortirdeparisavelo.fr\/blog\/wp-content\/uploads\/2016\/08\/SAM_6733_DxO-1195x800.jpg 1195w, http:\/\/www.sortirdeparisavelo.fr\/blog\/wp-content\/uploads\/2016\/08\/SAM_6733_DxO-160x107.jpg 160w, http:\/\/www.sortirdeparisavelo.fr\/blog\/wp-content\/uploads\/2016\/08\/SAM_6733_DxO-320x214.jpg 320w, http:\/\/www.sortirdeparisavelo.fr\/blog\/wp-content\/uploads\/2016\/08\/SAM_6733_DxO-768x514.jpg 768w, http:\/\/www.sortirdeparisavelo.fr\/blog\/wp-content\/uploads\/2016\/08\/SAM_6733_DxO-676x453.jpg 676w\" sizes=\"auto, (max-width: 676px) 100vw, 676px\" \/><\/p>\n<p>&#8230;en retirant les barri\u00e8res croix de Saint-Andr\u00e9 du parking officieux. Le retrait de telles barri\u00e8res me parait tr\u00e8s rare \u00e0 Paris en dehors de travaux de grande ampleur, et ici il n&rsquo;y avait aucune trace de travaux a priori.<\/p>\n<p>Bref, sans doute pour remplir un parking v\u00e9lo officiel, Paris a supprim\u00e9 le parking v\u00e9lo officieux \u00e0 c\u00f4t\u00e9. Simple anecdote ou signe pr\u00e9curseur d&rsquo;une m\u00e9thode radicale ? L&rsquo;avenir nous le dira.<\/p>\n<p>Mise \u00e0 jour D\u00e9cembre 2016 : les barri\u00e8res ont donc disparues, mais des piquets contre le stationnement sauvage d&rsquo;automobiles sont apparus \u00e0 la place. C&rsquo;est donc clairement un choix d&rsquo;\u00e9viter le \u00a0parking v\u00e9lo sauvage, tout en continuant de lutter contre le parking auto sauvage.<\/p>\n<p><img loading=\"lazy\" decoding=\"async\" class=\"aligncenter size-large wp-image-1938\" src=\"http:\/\/www.sortirdeparisavelo.fr\/blog\/wp-content\/uploads\/2016\/08\/SAM_8390_DxO-1200x800.jpg\" alt=\"sam_8390_dxo\" width=\"676\" height=\"451\" srcset=\"http:\/\/www.sortirdeparisavelo.fr\/blog\/wp-content\/uploads\/2016\/08\/SAM_8390_DxO-1200x800.jpg 1200w, http:\/\/www.sortirdeparisavelo.fr\/blog\/wp-content\/uploads\/2016\/08\/SAM_8390_DxO-160x107.jpg 160w, http:\/\/www.sortirdeparisavelo.fr\/blog\/wp-content\/uploads\/2016\/08\/SAM_8390_DxO-320x213.jpg 320w, http:\/\/www.sortirdeparisavelo.fr\/blog\/wp-content\/uploads\/2016\/08\/SAM_8390_DxO-768x512.jpg 768w, http:\/\/www.sortirdeparisavelo.fr\/blog\/wp-content\/uploads\/2016\/08\/SAM_8390_DxO-676x451.jpg 676w\" sizes=\"auto, (max-width: 676px) 100vw, 676px\" \/><\/p>\n<p>Enfin, notons l&rsquo;apparition d&rsquo;un nouveau parking v\u00e9lo \u00e0 100 m\u00e8tres de cet endroit dans l&rsquo;autre direction.<\/p>\n<p><img loading=\"lazy\" decoding=\"async\" class=\"aligncenter size-large wp-image-1939\" src=\"http:\/\/www.sortirdeparisavelo.fr\/blog\/wp-content\/uploads\/2016\/08\/CyMxIYJWQAAC_0C-1068x800.jpg\" alt=\"cymxiyjwqaac_0c\" width=\"676\" height=\"506\" srcset=\"http:\/\/www.sortirdeparisavelo.fr\/blog\/wp-content\/uploads\/2016\/08\/CyMxIYJWQAAC_0C-1068x800.jpg 1068w, http:\/\/www.sortirdeparisavelo.fr\/blog\/wp-content\/uploads\/2016\/08\/CyMxIYJWQAAC_0C-160x120.jpg 160w, http:\/\/www.sortirdeparisavelo.fr\/blog\/wp-content\/uploads\/2016\/08\/CyMxIYJWQAAC_0C-320x240.jpg 320w, http:\/\/www.sortirdeparisavelo.fr\/blog\/wp-content\/uploads\/2016\/08\/CyMxIYJWQAAC_0C-768x575.jpg 768w, http:\/\/www.sortirdeparisavelo.fr\/blog\/wp-content\/uploads\/2016\/08\/CyMxIYJWQAAC_0C-676x506.jpg 676w, http:\/\/www.sortirdeparisavelo.fr\/blog\/wp-content\/uploads\/2016\/08\/CyMxIYJWQAAC_0C.jpg 1200w\" sizes=\"auto, (max-width: 676px) 100vw, 676px\" \/><\/p>\n","protected":false},"excerpt":{"rendered":"<p>Une observation anecdotique ou une approche radicale ?<\/p>\n","protected":false},"author":1,"featured_media":1831,"comment_status":"open","ping_status":"open","sticky":false,"template":"","format":"standard","meta":{"_monsterinsights_skip_tracking":false,"_monsterinsights_sitenote_active":false,"_monsterinsights_sitenote_note":"","_monsterinsights_sitenote_category":0,"_uf_show_specific_survey":0,"_uf_disable_surveys":false,"footnotes":""},"categories":[173,180],"tags":[4,41,48],"class_list":["post-1818","post","type-post","status-publish","format-standard","has-post-thumbnail","hentry","category-changements","category-paris-divers","tag-paris","tag-parking","tag-parking-velo","post-preview"],"_links":{"self":[{"href":"http:\/\/www.sortirdeparisavelo.fr\/blog\/wp-json\/wp\/v2\/posts\/1818","targetHints":{"allow":["GET"]}}],"collection":[{"href":"http:\/\/www.sortirdeparisavelo.fr\/blog\/wp-json\/wp\/v2\/posts"}],"about":[{"href":"http:\/\/www.sortirdeparisavelo.fr\/blog\/wp-json\/wp\/v2\/types\/post"}],"author":[{"embeddable":true,"href":"http:\/\/www.sortirdeparisavelo.fr\/blog\/wp-json\/wp\/v2\/users\/1"}],"replies":[{"embeddable":true,"href":"http:\/\/www.sortirdeparisavelo.fr\/blog\/wp-json\/wp\/v2\/comments?post=1818"}],"version-history":[{"count":6,"href":"http:\/\/www.sortirdeparisavelo.fr\/blog\/wp-json\/wp\/v2\/posts\/1818\/revisions"}],"predecessor-version":[{"id":1940,"href":"http:\/\/www.sortirdeparisavelo.fr\/blog\/wp-json\/wp\/v2\/posts\/1818\/revisions\/1940"}],"wp:featuredmedia":[{"embeddable":true,"href":"http:\/\/www.sortirdeparisavelo.fr\/blog\/wp-json\/wp\/v2\/media\/1831"}],"wp:attachment":[{"href":"http:\/\/www.sortirdeparisavelo.fr\/blog\/wp-json\/wp\/v2\/media?parent=1818"}],"wp:term":[{"taxonomy":"category","embeddable":true,"href":"http:\/\/www.sortirdeparisavelo.fr\/blog\/wp-json\/wp\/v2\/categories?post=1818"},{"taxonomy":"post_tag","embeddable":true,"href":"http:\/\/www.sortirdeparisavelo.fr\/blog\/wp-json\/wp\/v2\/tags?post=1818"}],"curies":[{"name":"wp","href":"https:\/\/api.w.org\/{rel}","templated":true}]}}