{"id":982,"date":"2015-06-18T01:27:35","date_gmt":"2015-06-18T00:27:35","guid":{"rendered":"http:\/\/www.sortirdeparisavelo.fr\/blog\/?p=982"},"modified":"2015-08-16T21:54:41","modified_gmt":"2015-08-16T20:54:41","slug":"la-coulee-verte-du-sud-parisien-les-changements","status":"publish","type":"post","link":"http:\/\/www.sortirdeparisavelo.fr\/blog\/2015\/06\/la-coulee-verte-du-sud-parisien-les-changements\/","title":{"rendered":"La Coul\u00e9e Verte du Sud Parisien : les changements"},"content":{"rendered":"<p>Point sur l&rsquo;\u00e9volution du plus ancien des itin\u00e9raires cyclables partant de Paris [Mise \u00e0 jour Ao\u00fbt 2015]<\/p>\n<p><!--more--><\/p>\n<p>Dans ce billet, je ne parlerai pas de l&rsquo;influence des travaux du tramway T6 \u00e0 Ch\u00e2tillon, qui croisaient la Coul\u00e9e Verte du Sud Parisien au moment o\u00f9 elle passe dans une zone pi\u00e9tonne. Les d\u00e9sagr\u00e9ments furent donc mineurs ces derni\u00e8res ann\u00e9es.<\/p>\n<p>Lorsqu&rsquo;on emprunte la Coul\u00e9e Verte \u00e0 partir de Paris, d\u00e9but Juin 2015, la premi\u00e8re \u00e9volution est tr\u00e8s positive. Juste avant de sortir de Paris, la piste cyclable est en travaux, mais ceux-ci sont g\u00e9r\u00e9s de fa\u00e7on impeccable pour les cyclistes qui y passent dans les deux sens : une voie est prise sur la route, et des larges rampes temporaires ont \u00e9t\u00e9 cr\u00e9\u00e9es.<\/p>\n<p><img loading=\"lazy\" decoding=\"async\" class=\"aligncenter size-large wp-image-984\" src=\"http:\/\/www.sortirdeparisavelo.fr\/blog\/wp-content\/uploads\/2015\/06\/150523-063_DxO-1200x800.jpg\" alt=\"150523 063_DxO\" width=\"700\" height=\"467\" srcset=\"http:\/\/www.sortirdeparisavelo.fr\/blog\/wp-content\/uploads\/2015\/06\/150523-063_DxO-1200x800.jpg 1200w, http:\/\/www.sortirdeparisavelo.fr\/blog\/wp-content\/uploads\/2015\/06\/150523-063_DxO-160x107.jpg 160w, http:\/\/www.sortirdeparisavelo.fr\/blog\/wp-content\/uploads\/2015\/06\/150523-063_DxO-320x213.jpg 320w, http:\/\/www.sortirdeparisavelo.fr\/blog\/wp-content\/uploads\/2015\/06\/150523-063_DxO-1140x760.jpg 1140w, http:\/\/www.sortirdeparisavelo.fr\/blog\/wp-content\/uploads\/2015\/06\/150523-063_DxO-552x368.jpg 552w, http:\/\/www.sortirdeparisavelo.fr\/blog\/wp-content\/uploads\/2015\/06\/150523-063_DxO.jpg 1800w\" sizes=\"auto, (max-width: 700px) 100vw, 700px\" \/><\/p>\n<p><img loading=\"lazy\" decoding=\"async\" class=\"aligncenter size-large wp-image-985\" src=\"http:\/\/www.sortirdeparisavelo.fr\/blog\/wp-content\/uploads\/2015\/06\/150523-067_DxO-1200x800.jpg\" alt=\"150523 067_DxO\" width=\"700\" height=\"467\" srcset=\"http:\/\/www.sortirdeparisavelo.fr\/blog\/wp-content\/uploads\/2015\/06\/150523-067_DxO-1200x800.jpg 1200w, http:\/\/www.sortirdeparisavelo.fr\/blog\/wp-content\/uploads\/2015\/06\/150523-067_DxO-160x107.jpg 160w, http:\/\/www.sortirdeparisavelo.fr\/blog\/wp-content\/uploads\/2015\/06\/150523-067_DxO-320x213.jpg 320w, http:\/\/www.sortirdeparisavelo.fr\/blog\/wp-content\/uploads\/2015\/06\/150523-067_DxO-1140x760.jpg 1140w, http:\/\/www.sortirdeparisavelo.fr\/blog\/wp-content\/uploads\/2015\/06\/150523-067_DxO-552x368.jpg 552w, http:\/\/www.sortirdeparisavelo.fr\/blog\/wp-content\/uploads\/2015\/06\/150523-067_DxO.jpg 1800w\" sizes=\"auto, (max-width: 700px) 100vw, 700px\" \/><\/p>\n<p>Mise \u00e0 jour Ao\u00fbt 2015 : Cette marge entre la rampe et les bordures&#8230; \u00e9tait pour y installer des panneaux publicitaires temporaires, une plaie des chantiers parisiens.<\/p>\n<p><img loading=\"lazy\" decoding=\"async\" class=\"aligncenter size-large wp-image-1295\" src=\"http:\/\/www.sortirdeparisavelo.fr\/blog\/wp-content\/uploads\/2015\/06\/150816-006_DxO-1197x800.jpg\" alt=\"150816 006_DxO\" width=\"676\" height=\"452\" srcset=\"http:\/\/www.sortirdeparisavelo.fr\/blog\/wp-content\/uploads\/2015\/06\/150816-006_DxO-1197x800.jpg 1197w, http:\/\/www.sortirdeparisavelo.fr\/blog\/wp-content\/uploads\/2015\/06\/150816-006_DxO-160x107.jpg 160w, http:\/\/www.sortirdeparisavelo.fr\/blog\/wp-content\/uploads\/2015\/06\/150816-006_DxO-320x214.jpg 320w, http:\/\/www.sortirdeparisavelo.fr\/blog\/wp-content\/uploads\/2015\/06\/150816-006_DxO-676x452.jpg 676w, http:\/\/www.sortirdeparisavelo.fr\/blog\/wp-content\/uploads\/2015\/06\/150816-006_DxO.jpg 1800w\" sizes=\"auto, (max-width: 676px) 100vw, 676px\" \/><\/p>\n<p>Plus loin, lorsqu&rsquo;on arrive au tunnel de Malakoff, c&rsquo;est l&rsquo;inverse : depuis 2013, les lieux semblent en travaux en permanence, et l&rsquo;un des itin\u00e9raires cyclables les plus connus d&rsquo;Ile-de-France n&rsquo;est pas pris en compte. Ce tunnel, ou en tout cas la travers\u00e9e de la d\u00e9partementale, est pourtant un passage oblig\u00e9. Or il est difficile m\u00eame pour les pi\u00e9tons.<\/p>\n<p>Voici l&rsquo;\u00e9volution du passage, avec l&rsquo;aide de Street View pour les images interm\u00e9diaires :<\/p>\n<p>&#8211; Passage en Juillet 2013, on y voit l&rsquo;\u00e9tat normal : on traverse \u00e0 v\u00e9lo le long du passage pi\u00e9ton, en profitant du feu. On continue sous le pont sur le trottoir cyclable d&rsquo;en face.<\/p>\n<p><img loading=\"lazy\" decoding=\"async\" class=\"aligncenter size-large wp-image-991\" src=\"http:\/\/www.sortirdeparisavelo.fr\/blog\/wp-content\/uploads\/2015\/06\/tunneljul2013-1200x675.jpg\" alt=\"tunneljul2013\" width=\"700\" height=\"394\" srcset=\"http:\/\/www.sortirdeparisavelo.fr\/blog\/wp-content\/uploads\/2015\/06\/tunneljul2013-1200x675.jpg 1200w, http:\/\/www.sortirdeparisavelo.fr\/blog\/wp-content\/uploads\/2015\/06\/tunneljul2013-160x90.jpg 160w, http:\/\/www.sortirdeparisavelo.fr\/blog\/wp-content\/uploads\/2015\/06\/tunneljul2013-320x180.jpg 320w, http:\/\/www.sortirdeparisavelo.fr\/blog\/wp-content\/uploads\/2015\/06\/tunneljul2013-1140x641.jpg 1140w, http:\/\/www.sortirdeparisavelo.fr\/blog\/wp-content\/uploads\/2015\/06\/tunneljul2013-552x311.jpg 552w, http:\/\/www.sortirdeparisavelo.fr\/blog\/wp-content\/uploads\/2015\/06\/tunneljul2013.jpg 1280w\" sizes=\"auto, (max-width: 700px) 100vw, 700px\" \/><\/p>\n<p>Note : Il existe un chemin sur la gauche entre les rails et la station-service qui permet d&rsquo;atteindre un deuxi\u00e8me tunnel quelques dizaines de m\u00e8tres plus loin. En 2013, son statut exclusivement pi\u00e9ton n&rsquo;\u00e9tait pas \u00e9vident. Mais il faut de toute fa\u00e7on traverser la d\u00e9partementale pour y acc\u00e9der.<\/p>\n<p>&#8211; Septembre 2013 : d\u00e9but des travaux. Le pi\u00e9ton devait passer par un trou de souris et le cycliste peut-\u00eatre aussi, rien n&rsquo;\u00e9tait clair. Le feu de signalisation permettait de g\u00e9rer le passage tant bien que mal.<\/p>\n<p><img loading=\"lazy\" decoding=\"async\" class=\"aligncenter wp-image-989\" src=\"http:\/\/www.sortirdeparisavelo.fr\/blog\/wp-content\/uploads\/2015\/06\/malakofffsept2013.jpg\" alt=\"malakofffsept2013\" width=\"800\" height=\"404\" srcset=\"http:\/\/www.sortirdeparisavelo.fr\/blog\/wp-content\/uploads\/2015\/06\/malakofffsept2013.jpg 1179w, http:\/\/www.sortirdeparisavelo.fr\/blog\/wp-content\/uploads\/2015\/06\/malakofffsept2013-160x81.jpg 160w, http:\/\/www.sortirdeparisavelo.fr\/blog\/wp-content\/uploads\/2015\/06\/malakofffsept2013-320x162.jpg 320w, http:\/\/www.sortirdeparisavelo.fr\/blog\/wp-content\/uploads\/2015\/06\/malakofffsept2013-1140x576.jpg 1140w, http:\/\/www.sortirdeparisavelo.fr\/blog\/wp-content\/uploads\/2015\/06\/malakofffsept2013-552x279.jpg 552w\" sizes=\"auto, (max-width: 800px) 100vw, 800px\" \/><\/p>\n<p>&#8211; Juillet 2014 : le passage pi\u00e9ton a disparu, le feu avec. Le cycliste passait comme il pouvait : en tournant imm\u00e9diatement sur le trottoir, pas la place de croiser un pi\u00e9ton. Quant au chemin bis (non fl\u00e9ch\u00e9, et pour cause) le long de la station service, il \u00e9tait devenu a priori pi\u00e9ton : des portes cl\u00f4tures en font un parc ferm\u00e9.<\/p>\n<p><img loading=\"lazy\" decoding=\"async\" class=\"aligncenter size-large wp-image-990\" src=\"http:\/\/www.sortirdeparisavelo.fr\/blog\/wp-content\/uploads\/2015\/06\/malakoffjuillet2014-1200x573.jpg\" alt=\"malakoffjuillet2014\" width=\"700\" height=\"334\" srcset=\"http:\/\/www.sortirdeparisavelo.fr\/blog\/wp-content\/uploads\/2015\/06\/malakoffjuillet2014-1200x573.jpg 1200w, http:\/\/www.sortirdeparisavelo.fr\/blog\/wp-content\/uploads\/2015\/06\/malakoffjuillet2014-160x76.jpg 160w, http:\/\/www.sortirdeparisavelo.fr\/blog\/wp-content\/uploads\/2015\/06\/malakoffjuillet2014-320x153.jpg 320w, http:\/\/www.sortirdeparisavelo.fr\/blog\/wp-content\/uploads\/2015\/06\/malakoffjuillet2014-1140x545.jpg 1140w, http:\/\/www.sortirdeparisavelo.fr\/blog\/wp-content\/uploads\/2015\/06\/malakoffjuillet2014-552x264.jpg 552w, http:\/\/www.sortirdeparisavelo.fr\/blog\/wp-content\/uploads\/2015\/06\/malakoffjuillet2014.jpg 1235w\" sizes=\"auto, (max-width: 700px) 100vw, 700px\" \/><\/p>\n<p>&#8211; Ao\u00fbt 2014 : la Google Car surprend trois cyclistes confront\u00e9s au probl\u00e8me de traverser une voie de d\u00e9partementale fr\u00e9quent\u00e9e sans pouvoir compter sur un feu de signalisation.<\/p>\n<p><img loading=\"lazy\" decoding=\"async\" class=\"aligncenter wp-image-988\" src=\"http:\/\/www.sortirdeparisavelo.fr\/blog\/wp-content\/uploads\/2015\/06\/malakoffaout014.jpg\" alt=\"malakoffaout014\" width=\"800\" height=\"491\" srcset=\"http:\/\/www.sortirdeparisavelo.fr\/blog\/wp-content\/uploads\/2015\/06\/malakoffaout014.jpg 962w, http:\/\/www.sortirdeparisavelo.fr\/blog\/wp-content\/uploads\/2015\/06\/malakoffaout014-160x98.jpg 160w, http:\/\/www.sortirdeparisavelo.fr\/blog\/wp-content\/uploads\/2015\/06\/malakoffaout014-320x197.jpg 320w, http:\/\/www.sortirdeparisavelo.fr\/blog\/wp-content\/uploads\/2015\/06\/malakoffaout014-552x339.jpg 552w\" sizes=\"auto, (max-width: 800px) 100vw, 800px\" \/><\/p>\n<p>&#8211; Septembre 2014 : la disposition des lieux a chang\u00e9, pas le casse-t\u00eate du passage.<\/p>\n<p><img loading=\"lazy\" decoding=\"async\" class=\"aligncenter wp-image-987\" src=\"http:\/\/www.sortirdeparisavelo.fr\/blog\/wp-content\/uploads\/2015\/06\/malakoff2014.jpg\" alt=\"malakoff2014\" width=\"800\" height=\"402\" srcset=\"http:\/\/www.sortirdeparisavelo.fr\/blog\/wp-content\/uploads\/2015\/06\/malakoff2014.jpg 1189w, http:\/\/www.sortirdeparisavelo.fr\/blog\/wp-content\/uploads\/2015\/06\/malakoff2014-160x80.jpg 160w, http:\/\/www.sortirdeparisavelo.fr\/blog\/wp-content\/uploads\/2015\/06\/malakoff2014-320x161.jpg 320w, http:\/\/www.sortirdeparisavelo.fr\/blog\/wp-content\/uploads\/2015\/06\/malakoff2014-1140x572.jpg 1140w, http:\/\/www.sortirdeparisavelo.fr\/blog\/wp-content\/uploads\/2015\/06\/malakoff2014-552x277.jpg 552w\" sizes=\"auto, (max-width: 800px) 100vw, 800px\" \/><\/p>\n<p>&#8211; Et enfin, en Juin 2015, le passage est un peu moins bouch\u00e9, on peut se faufiler si on ne croise personne, mais le feu n&rsquo;est toujours pas revenu, c&rsquo;est toujours \u00e0 ses risques et p\u00e9rils. Ou alors il faut aller emb\u00eater les pi\u00e9tons sur le trottoir \u00e0 droite puis encha\u00eener les passages pi\u00e9tons de l&rsquo;autre c\u00f4t\u00e9 du tunnel pour revenir sur la Coul\u00e9e Verte.<\/p>\n<p><img loading=\"lazy\" decoding=\"async\" class=\"aligncenter size-large wp-image-986\" src=\"http:\/\/www.sortirdeparisavelo.fr\/blog\/wp-content\/uploads\/2015\/06\/150523-084_DxO-1200x800.jpg\" alt=\"150523 084_DxO\" width=\"700\" height=\"467\" srcset=\"http:\/\/www.sortirdeparisavelo.fr\/blog\/wp-content\/uploads\/2015\/06\/150523-084_DxO-1200x800.jpg 1200w, http:\/\/www.sortirdeparisavelo.fr\/blog\/wp-content\/uploads\/2015\/06\/150523-084_DxO-160x107.jpg 160w, http:\/\/www.sortirdeparisavelo.fr\/blog\/wp-content\/uploads\/2015\/06\/150523-084_DxO-320x213.jpg 320w, http:\/\/www.sortirdeparisavelo.fr\/blog\/wp-content\/uploads\/2015\/06\/150523-084_DxO-1140x760.jpg 1140w, http:\/\/www.sortirdeparisavelo.fr\/blog\/wp-content\/uploads\/2015\/06\/150523-084_DxO-552x368.jpg 552w, http:\/\/www.sortirdeparisavelo.fr\/blog\/wp-content\/uploads\/2015\/06\/150523-084_DxO.jpg 1800w\" sizes=\"auto, (max-width: 700px) 100vw, 700px\" \/><\/p>\n<p>Un gros point noir donc, peut-\u00eatre \u00ab\u00a0bient\u00f4t\u00a0\u00bb de retour \u00e0 la normale ?<\/p>\n<p>Mise \u00e0 jour Ao\u00fbt 2015 : Retour \u00e0 la normale, enfin !<\/p>\n<p><img loading=\"lazy\" decoding=\"async\" class=\"aligncenter size-large wp-image-1296\" src=\"http:\/\/www.sortirdeparisavelo.fr\/blog\/wp-content\/uploads\/2015\/06\/150816-024_DxO-1200x800.jpg\" alt=\"150816 024_DxO\" width=\"676\" height=\"451\" srcset=\"http:\/\/www.sortirdeparisavelo.fr\/blog\/wp-content\/uploads\/2015\/06\/150816-024_DxO-1200x800.jpg 1200w, http:\/\/www.sortirdeparisavelo.fr\/blog\/wp-content\/uploads\/2015\/06\/150816-024_DxO-160x107.jpg 160w, http:\/\/www.sortirdeparisavelo.fr\/blog\/wp-content\/uploads\/2015\/06\/150816-024_DxO-320x213.jpg 320w, http:\/\/www.sortirdeparisavelo.fr\/blog\/wp-content\/uploads\/2015\/06\/150816-024_DxO-676x451.jpg 676w, http:\/\/www.sortirdeparisavelo.fr\/blog\/wp-content\/uploads\/2015\/06\/150816-024_DxO.jpg 1800w\" sizes=\"auto, (max-width: 676px) 100vw, 676px\" \/><\/p>\n<p>On arrive plus loin \u00e0 Ch\u00e2tillon, o\u00f9 des travaux d\u00e9but 2015 ont compl\u00e8tement chang\u00e9 la Coul\u00e9e Verte sur environ un kilom\u00e8tre.<\/p>\n<p>Voici le m\u00eame lieu en 2013,<\/p>\n<p><img loading=\"lazy\" decoding=\"async\" class=\"aligncenter size-large wp-image-997\" src=\"http:\/\/www.sortirdeparisavelo.fr\/blog\/wp-content\/uploads\/2015\/06\/2013b-1200x675.jpg\" alt=\"2013b\" width=\"700\" height=\"394\" srcset=\"http:\/\/www.sortirdeparisavelo.fr\/blog\/wp-content\/uploads\/2015\/06\/2013b-1200x675.jpg 1200w, http:\/\/www.sortirdeparisavelo.fr\/blog\/wp-content\/uploads\/2015\/06\/2013b-160x90.jpg 160w, http:\/\/www.sortirdeparisavelo.fr\/blog\/wp-content\/uploads\/2015\/06\/2013b-320x180.jpg 320w, http:\/\/www.sortirdeparisavelo.fr\/blog\/wp-content\/uploads\/2015\/06\/2013b-1140x641.jpg 1140w, http:\/\/www.sortirdeparisavelo.fr\/blog\/wp-content\/uploads\/2015\/06\/2013b-552x311.jpg 552w, http:\/\/www.sortirdeparisavelo.fr\/blog\/wp-content\/uploads\/2015\/06\/2013b.jpg 1280w\" sizes=\"auto, (max-width: 700px) 100vw, 700px\" \/><\/p>\n<p><img loading=\"lazy\" decoding=\"async\" class=\"aligncenter size-large wp-image-999\" src=\"http:\/\/www.sortirdeparisavelo.fr\/blog\/wp-content\/uploads\/2015\/06\/coulee13c-1200x675.jpg\" alt=\"coulee13c\" width=\"700\" height=\"394\" srcset=\"http:\/\/www.sortirdeparisavelo.fr\/blog\/wp-content\/uploads\/2015\/06\/coulee13c-1200x675.jpg 1200w, http:\/\/www.sortirdeparisavelo.fr\/blog\/wp-content\/uploads\/2015\/06\/coulee13c-160x90.jpg 160w, http:\/\/www.sortirdeparisavelo.fr\/blog\/wp-content\/uploads\/2015\/06\/coulee13c-320x180.jpg 320w, http:\/\/www.sortirdeparisavelo.fr\/blog\/wp-content\/uploads\/2015\/06\/coulee13c-1140x641.jpg 1140w, http:\/\/www.sortirdeparisavelo.fr\/blog\/wp-content\/uploads\/2015\/06\/coulee13c-552x311.jpg 552w, http:\/\/www.sortirdeparisavelo.fr\/blog\/wp-content\/uploads\/2015\/06\/coulee13c.jpg 1280w\" sizes=\"auto, (max-width: 700px) 100vw, 700px\" \/><\/p>\n<p>et en 2015 :<\/p>\n<p><img loading=\"lazy\" decoding=\"async\" class=\"aligncenter size-large wp-image-998\" src=\"http:\/\/www.sortirdeparisavelo.fr\/blog\/wp-content\/uploads\/2015\/06\/150523-115_DxO-1200x800.jpg\" alt=\"150523 115_DxO\" width=\"700\" height=\"467\" srcset=\"http:\/\/www.sortirdeparisavelo.fr\/blog\/wp-content\/uploads\/2015\/06\/150523-115_DxO-1200x800.jpg 1200w, http:\/\/www.sortirdeparisavelo.fr\/blog\/wp-content\/uploads\/2015\/06\/150523-115_DxO-160x107.jpg 160w, http:\/\/www.sortirdeparisavelo.fr\/blog\/wp-content\/uploads\/2015\/06\/150523-115_DxO-320x213.jpg 320w, http:\/\/www.sortirdeparisavelo.fr\/blog\/wp-content\/uploads\/2015\/06\/150523-115_DxO-1140x760.jpg 1140w, http:\/\/www.sortirdeparisavelo.fr\/blog\/wp-content\/uploads\/2015\/06\/150523-115_DxO-552x368.jpg 552w, http:\/\/www.sortirdeparisavelo.fr\/blog\/wp-content\/uploads\/2015\/06\/150523-115_DxO.jpg 1800w\" sizes=\"auto, (max-width: 700px) 100vw, 700px\" \/><\/p>\n<p>Les piliers bleus et surtout la s\u00e9paration des deux voies ont disparu au profit d&rsquo;une voie unique plus large. Idem plus loin sur ce petit virage entre deux croisements.<\/p>\n<p><img loading=\"lazy\" decoding=\"async\" class=\"aligncenter size-large wp-image-1001\" src=\"http:\/\/www.sortirdeparisavelo.fr\/blog\/wp-content\/uploads\/2015\/06\/couleeg-1200x675.jpg\" alt=\"couleeg\" width=\"700\" height=\"394\" srcset=\"http:\/\/www.sortirdeparisavelo.fr\/blog\/wp-content\/uploads\/2015\/06\/couleeg-1200x675.jpg 1200w, http:\/\/www.sortirdeparisavelo.fr\/blog\/wp-content\/uploads\/2015\/06\/couleeg-160x90.jpg 160w, http:\/\/www.sortirdeparisavelo.fr\/blog\/wp-content\/uploads\/2015\/06\/couleeg-320x180.jpg 320w, http:\/\/www.sortirdeparisavelo.fr\/blog\/wp-content\/uploads\/2015\/06\/couleeg-1140x641.jpg 1140w, http:\/\/www.sortirdeparisavelo.fr\/blog\/wp-content\/uploads\/2015\/06\/couleeg-552x311.jpg 552w, http:\/\/www.sortirdeparisavelo.fr\/blog\/wp-content\/uploads\/2015\/06\/couleeg.jpg 1280w\" sizes=\"auto, (max-width: 700px) 100vw, 700px\" \/><\/p>\n<p><img loading=\"lazy\" decoding=\"async\" class=\"aligncenter size-large wp-image-1000\" src=\"http:\/\/www.sortirdeparisavelo.fr\/blog\/wp-content\/uploads\/2015\/06\/150523-121_DxO-1200x800.jpg\" alt=\"150523 121_DxO\" width=\"700\" height=\"467\" srcset=\"http:\/\/www.sortirdeparisavelo.fr\/blog\/wp-content\/uploads\/2015\/06\/150523-121_DxO-1200x800.jpg 1200w, http:\/\/www.sortirdeparisavelo.fr\/blog\/wp-content\/uploads\/2015\/06\/150523-121_DxO-160x107.jpg 160w, http:\/\/www.sortirdeparisavelo.fr\/blog\/wp-content\/uploads\/2015\/06\/150523-121_DxO-320x213.jpg 320w, http:\/\/www.sortirdeparisavelo.fr\/blog\/wp-content\/uploads\/2015\/06\/150523-121_DxO-1140x760.jpg 1140w, http:\/\/www.sortirdeparisavelo.fr\/blog\/wp-content\/uploads\/2015\/06\/150523-121_DxO-552x368.jpg 552w, http:\/\/www.sortirdeparisavelo.fr\/blog\/wp-content\/uploads\/2015\/06\/150523-121_DxO.jpg 1800w\" sizes=\"auto, (max-width: 700px) 100vw, 700px\" \/><\/p>\n<p>En 2013, dans la zone modifi\u00e9e, une haie s\u00e9parait la voie cyclable lisse de la voie pi\u00e9tonne plus irr\u00e9guli\u00e8re,<\/p>\n<p><img loading=\"lazy\" decoding=\"async\" class=\"aligncenter size-large wp-image-1002\" src=\"http:\/\/www.sortirdeparisavelo.fr\/blog\/wp-content\/uploads\/2015\/06\/couleed-1200x675.jpg\" alt=\"couleed\" width=\"700\" height=\"394\" srcset=\"http:\/\/www.sortirdeparisavelo.fr\/blog\/wp-content\/uploads\/2015\/06\/couleed-1200x675.jpg 1200w, http:\/\/www.sortirdeparisavelo.fr\/blog\/wp-content\/uploads\/2015\/06\/couleed-160x90.jpg 160w, http:\/\/www.sortirdeparisavelo.fr\/blog\/wp-content\/uploads\/2015\/06\/couleed-320x180.jpg 320w, http:\/\/www.sortirdeparisavelo.fr\/blog\/wp-content\/uploads\/2015\/06\/couleed-1140x641.jpg 1140w, http:\/\/www.sortirdeparisavelo.fr\/blog\/wp-content\/uploads\/2015\/06\/couleed-552x311.jpg 552w, http:\/\/www.sortirdeparisavelo.fr\/blog\/wp-content\/uploads\/2015\/06\/couleed.jpg 1280w\" sizes=\"auto, (max-width: 700px) 100vw, 700px\" \/><\/p>\n<p>si bien qu&rsquo;on y retrouvait les pi\u00e9tons,<\/p>\n<p><img loading=\"lazy\" decoding=\"async\" class=\"aligncenter size-large wp-image-1003\" src=\"http:\/\/www.sortirdeparisavelo.fr\/blog\/wp-content\/uploads\/2015\/06\/couleee-1200x675.jpg\" alt=\"couleee\" width=\"700\" height=\"394\" srcset=\"http:\/\/www.sortirdeparisavelo.fr\/blog\/wp-content\/uploads\/2015\/06\/couleee-1200x675.jpg 1200w, http:\/\/www.sortirdeparisavelo.fr\/blog\/wp-content\/uploads\/2015\/06\/couleee-160x90.jpg 160w, http:\/\/www.sortirdeparisavelo.fr\/blog\/wp-content\/uploads\/2015\/06\/couleee-320x180.jpg 320w, http:\/\/www.sortirdeparisavelo.fr\/blog\/wp-content\/uploads\/2015\/06\/couleee-1140x641.jpg 1140w, http:\/\/www.sortirdeparisavelo.fr\/blog\/wp-content\/uploads\/2015\/06\/couleee-552x311.jpg 552w, http:\/\/www.sortirdeparisavelo.fr\/blog\/wp-content\/uploads\/2015\/06\/couleee.jpg 1280w\" sizes=\"auto, (max-width: 700px) 100vw, 700px\" \/><\/p>\n<p>a fortiori s&rsquo;ils avaient des valises \u00e0 faire rouler.<\/p>\n<p><img loading=\"lazy\" decoding=\"async\" class=\"aligncenter size-large wp-image-1004\" src=\"http:\/\/www.sortirdeparisavelo.fr\/blog\/wp-content\/uploads\/2015\/06\/couleef-1200x675.jpg\" alt=\"couleef\" width=\"700\" height=\"394\" srcset=\"http:\/\/www.sortirdeparisavelo.fr\/blog\/wp-content\/uploads\/2015\/06\/couleef-1200x675.jpg 1200w, http:\/\/www.sortirdeparisavelo.fr\/blog\/wp-content\/uploads\/2015\/06\/couleef-160x90.jpg 160w, http:\/\/www.sortirdeparisavelo.fr\/blog\/wp-content\/uploads\/2015\/06\/couleef-320x180.jpg 320w, http:\/\/www.sortirdeparisavelo.fr\/blog\/wp-content\/uploads\/2015\/06\/couleef-1140x641.jpg 1140w, http:\/\/www.sortirdeparisavelo.fr\/blog\/wp-content\/uploads\/2015\/06\/couleef-552x311.jpg 552w, http:\/\/www.sortirdeparisavelo.fr\/blog\/wp-content\/uploads\/2015\/06\/couleef.jpg 1280w\" sizes=\"auto, (max-width: 700px) 100vw, 700px\" \/><\/p>\n<p>En 2015, en supprimant la haie, on retrouve alors toute la largeur pour une voie mixte sans s\u00e9paration.<\/p>\n<p><img loading=\"lazy\" decoding=\"async\" class=\"aligncenter size-large wp-image-1006\" src=\"http:\/\/www.sortirdeparisavelo.fr\/blog\/wp-content\/uploads\/2015\/06\/150523-124_DxO-1200x800.jpg\" alt=\"150523 124_DxO\" width=\"700\" height=\"467\" srcset=\"http:\/\/www.sortirdeparisavelo.fr\/blog\/wp-content\/uploads\/2015\/06\/150523-124_DxO-1200x800.jpg 1200w, http:\/\/www.sortirdeparisavelo.fr\/blog\/wp-content\/uploads\/2015\/06\/150523-124_DxO-160x107.jpg 160w, http:\/\/www.sortirdeparisavelo.fr\/blog\/wp-content\/uploads\/2015\/06\/150523-124_DxO-320x213.jpg 320w, http:\/\/www.sortirdeparisavelo.fr\/blog\/wp-content\/uploads\/2015\/06\/150523-124_DxO-1140x760.jpg 1140w, http:\/\/www.sortirdeparisavelo.fr\/blog\/wp-content\/uploads\/2015\/06\/150523-124_DxO-552x368.jpg 552w, http:\/\/www.sortirdeparisavelo.fr\/blog\/wp-content\/uploads\/2015\/06\/150523-124_DxO.jpg 1800w\" sizes=\"auto, (max-width: 700px) 100vw, 700px\" \/><\/p>\n<p>Sur ce petit kilom\u00e8tre, les barri\u00e8res \u00e0 chaque croisement<\/p>\n<p><img loading=\"lazy\" decoding=\"async\" class=\"aligncenter size-large wp-image-1009\" src=\"http:\/\/www.sortirdeparisavelo.fr\/blog\/wp-content\/uploads\/2015\/06\/couleek-1200x675.jpg\" alt=\"couleek\" width=\"700\" height=\"394\" srcset=\"http:\/\/www.sortirdeparisavelo.fr\/blog\/wp-content\/uploads\/2015\/06\/couleek-1200x675.jpg 1200w, http:\/\/www.sortirdeparisavelo.fr\/blog\/wp-content\/uploads\/2015\/06\/couleek-160x90.jpg 160w, http:\/\/www.sortirdeparisavelo.fr\/blog\/wp-content\/uploads\/2015\/06\/couleek-320x180.jpg 320w, http:\/\/www.sortirdeparisavelo.fr\/blog\/wp-content\/uploads\/2015\/06\/couleek-1140x641.jpg 1140w, http:\/\/www.sortirdeparisavelo.fr\/blog\/wp-content\/uploads\/2015\/06\/couleek-552x311.jpg 552w, http:\/\/www.sortirdeparisavelo.fr\/blog\/wp-content\/uploads\/2015\/06\/couleek.jpg 1280w\" sizes=\"auto, (max-width: 700px) 100vw, 700px\" \/><\/p>\n<p>ont \u00e9t\u00e9 remplac\u00e9es par des barri\u00e8res un peu moins g\u00eanantes.<\/p>\n<p><img loading=\"lazy\" decoding=\"async\" class=\"aligncenter size-large wp-image-1008\" src=\"http:\/\/www.sortirdeparisavelo.fr\/blog\/wp-content\/uploads\/2015\/06\/150523-131_DxO-533x800.jpg\" alt=\"150523 131_DxO\" width=\"533\" height=\"800\" srcset=\"http:\/\/www.sortirdeparisavelo.fr\/blog\/wp-content\/uploads\/2015\/06\/150523-131_DxO-533x800.jpg 533w, http:\/\/www.sortirdeparisavelo.fr\/blog\/wp-content\/uploads\/2015\/06\/150523-131_DxO-80x120.jpg 80w, http:\/\/www.sortirdeparisavelo.fr\/blog\/wp-content\/uploads\/2015\/06\/150523-131_DxO-160x240.jpg 160w, http:\/\/www.sortirdeparisavelo.fr\/blog\/wp-content\/uploads\/2015\/06\/150523-131_DxO-1140x1710.jpg 1140w, http:\/\/www.sortirdeparisavelo.fr\/blog\/wp-content\/uploads\/2015\/06\/150523-131_DxO-552x828.jpg 552w, http:\/\/www.sortirdeparisavelo.fr\/blog\/wp-content\/uploads\/2015\/06\/150523-131_DxO.jpg 1200w\" sizes=\"auto, (max-width: 533px) 100vw, 533px\" \/><br \/>\nCes nouvelles barri\u00e8res n&rsquo;ont pas le d\u00e9faut des pr\u00e9c\u00e9dentes. Celles-ci mod\u00e9raient beaucoup la vitesse certes, mais en cas de croisement de cyclistes, l&rsquo;un des deux devait en pratique patienter sur la route.<\/p>\n<p><img loading=\"lazy\" decoding=\"async\" class=\"aligncenter size-large wp-image-1011\" src=\"http:\/\/www.sortirdeparisavelo.fr\/blog\/wp-content\/uploads\/2015\/06\/couleel-1200x675.jpg\" alt=\"couleel\" width=\"700\" height=\"394\" srcset=\"http:\/\/www.sortirdeparisavelo.fr\/blog\/wp-content\/uploads\/2015\/06\/couleel-1200x675.jpg 1200w, http:\/\/www.sortirdeparisavelo.fr\/blog\/wp-content\/uploads\/2015\/06\/couleel-160x90.jpg 160w, http:\/\/www.sortirdeparisavelo.fr\/blog\/wp-content\/uploads\/2015\/06\/couleel-320x180.jpg 320w, http:\/\/www.sortirdeparisavelo.fr\/blog\/wp-content\/uploads\/2015\/06\/couleel-1140x641.jpg 1140w, http:\/\/www.sortirdeparisavelo.fr\/blog\/wp-content\/uploads\/2015\/06\/couleel-552x311.jpg 552w, http:\/\/www.sortirdeparisavelo.fr\/blog\/wp-content\/uploads\/2015\/06\/couleel.jpg 1280w\" sizes=\"auto, (max-width: 700px) 100vw, 700px\" \/><\/p>\n<p>D&rsquo;ailleurs, plus loin sur la Coul\u00e9e Verte, \u00e0 Sceaux, de telles barri\u00e8res restent, avec le m\u00eame probl\u00e8me : au moindre croisement, on est tent\u00e9 de rester attendre sur la route.<\/p>\n<p><img loading=\"lazy\" decoding=\"async\" class=\"aligncenter size-large wp-image-1012\" src=\"http:\/\/www.sortirdeparisavelo.fr\/blog\/wp-content\/uploads\/2015\/06\/couleen-1200x675.jpg\" alt=\"couleen\" width=\"700\" height=\"394\" srcset=\"http:\/\/www.sortirdeparisavelo.fr\/blog\/wp-content\/uploads\/2015\/06\/couleen-1200x675.jpg 1200w, http:\/\/www.sortirdeparisavelo.fr\/blog\/wp-content\/uploads\/2015\/06\/couleen-160x90.jpg 160w, http:\/\/www.sortirdeparisavelo.fr\/blog\/wp-content\/uploads\/2015\/06\/couleen-320x180.jpg 320w, http:\/\/www.sortirdeparisavelo.fr\/blog\/wp-content\/uploads\/2015\/06\/couleen-1140x641.jpg 1140w, http:\/\/www.sortirdeparisavelo.fr\/blog\/wp-content\/uploads\/2015\/06\/couleen-552x311.jpg 552w, http:\/\/www.sortirdeparisavelo.fr\/blog\/wp-content\/uploads\/2015\/06\/couleen.jpg 1280w\" sizes=\"auto, (max-width: 700px) 100vw, 700px\" \/><\/p>\n<p><img loading=\"lazy\" decoding=\"async\" class=\"aligncenter size-large wp-image-1013\" src=\"http:\/\/www.sortirdeparisavelo.fr\/blog\/wp-content\/uploads\/2015\/06\/couleep-1200x675.jpg\" alt=\"couleep\" width=\"700\" height=\"394\" srcset=\"http:\/\/www.sortirdeparisavelo.fr\/blog\/wp-content\/uploads\/2015\/06\/couleep-1200x675.jpg 1200w, http:\/\/www.sortirdeparisavelo.fr\/blog\/wp-content\/uploads\/2015\/06\/couleep-160x90.jpg 160w, http:\/\/www.sortirdeparisavelo.fr\/blog\/wp-content\/uploads\/2015\/06\/couleep-320x180.jpg 320w, http:\/\/www.sortirdeparisavelo.fr\/blog\/wp-content\/uploads\/2015\/06\/couleep-1140x641.jpg 1140w, http:\/\/www.sortirdeparisavelo.fr\/blog\/wp-content\/uploads\/2015\/06\/couleep-552x311.jpg 552w, http:\/\/www.sortirdeparisavelo.fr\/blog\/wp-content\/uploads\/2015\/06\/couleep.jpg 1280w\" sizes=\"auto, (max-width: 700px) 100vw, 700px\" \/><\/p>\n<p>Entre 2013 et 2015, \u00e0 cet endroit, ce sont les barri\u00e8res dans mon dos dans la photo juste au dessus, qui ont disparu.<\/p>\n<p><img loading=\"lazy\" decoding=\"async\" class=\"aligncenter size-large wp-image-1015\" src=\"http:\/\/www.sortirdeparisavelo.fr\/blog\/wp-content\/uploads\/2015\/06\/Capture2013.jpg\" alt=\"Capture2013\" width=\"700\" height=\"504\" srcset=\"http:\/\/www.sortirdeparisavelo.fr\/blog\/wp-content\/uploads\/2015\/06\/Capture2013.jpg 834w, http:\/\/www.sortirdeparisavelo.fr\/blog\/wp-content\/uploads\/2015\/06\/Capture2013-160x115.jpg 160w, http:\/\/www.sortirdeparisavelo.fr\/blog\/wp-content\/uploads\/2015\/06\/Capture2013-320x231.jpg 320w, http:\/\/www.sortirdeparisavelo.fr\/blog\/wp-content\/uploads\/2015\/06\/Capture2013-552x398.jpg 552w\" sizes=\"auto, (max-width: 700px) 100vw, 700px\" \/><\/p>\n<p><img loading=\"lazy\" decoding=\"async\" class=\"aligncenter wp-image-1014\" src=\"http:\/\/www.sortirdeparisavelo.fr\/blog\/wp-content\/uploads\/2015\/06\/Capture.jpg\" alt=\"Capture\" width=\"650\" height=\"410\" srcset=\"http:\/\/www.sortirdeparisavelo.fr\/blog\/wp-content\/uploads\/2015\/06\/Capture.jpg 973w, http:\/\/www.sortirdeparisavelo.fr\/blog\/wp-content\/uploads\/2015\/06\/Capture-160x101.jpg 160w, http:\/\/www.sortirdeparisavelo.fr\/blog\/wp-content\/uploads\/2015\/06\/Capture-320x202.jpg 320w, http:\/\/www.sortirdeparisavelo.fr\/blog\/wp-content\/uploads\/2015\/06\/Capture-552x348.jpg 552w\" sizes=\"auto, (max-width: 650px) 100vw, 650px\" \/><\/p>\n<p>On peut penser \u00e0 un compromis entre vouloir \u00e9viter que les cyclistes attendent sur la route, et vouloir \u00e9viter qu&rsquo;ils arrivent \u00e0 grande vitesse sur celle-ci : les barri\u00e8res mod\u00e9rant la vitesse des cyclistes dans le sens de la descente sont donc rest\u00e9es. Le m\u00eame r\u00e9sultat s&rsquo;observe \u00e0 une poign\u00e9e d&rsquo;autres endroits dans cette zone.<\/p>\n<p>Remarquez qu&rsquo;on trouve facilement des pi\u00e9tons sur cette partie cyclable. La s\u00e9paration d&rsquo;usage des voies cyclables et pi\u00e9tonnes est \u00e0 mon avis illusoire, et il est d\u00e9licat de b\u00e2tir un itin\u00e9raire cyclable de vois \u00e9troites supposant qu&rsquo;elle serait toujours respect\u00e9e.<\/p>\n<p>Continuons plus loin. A Ch\u00e2tenay-Malabry, la modification est cette fois esth\u00e9tique. En 2013 le tunnel \u00e9tait tagg\u00e9,<\/p>\n<p><img loading=\"lazy\" decoding=\"async\" class=\"aligncenter size-large wp-image-1018\" src=\"http:\/\/www.sortirdeparisavelo.fr\/blog\/wp-content\/uploads\/2015\/06\/couleeq-1200x675.jpg\" alt=\"couleeq\" width=\"700\" height=\"394\" srcset=\"http:\/\/www.sortirdeparisavelo.fr\/blog\/wp-content\/uploads\/2015\/06\/couleeq-1200x675.jpg 1200w, http:\/\/www.sortirdeparisavelo.fr\/blog\/wp-content\/uploads\/2015\/06\/couleeq-160x90.jpg 160w, http:\/\/www.sortirdeparisavelo.fr\/blog\/wp-content\/uploads\/2015\/06\/couleeq-320x180.jpg 320w, http:\/\/www.sortirdeparisavelo.fr\/blog\/wp-content\/uploads\/2015\/06\/couleeq-1140x641.jpg 1140w, http:\/\/www.sortirdeparisavelo.fr\/blog\/wp-content\/uploads\/2015\/06\/couleeq-552x311.jpg 552w, http:\/\/www.sortirdeparisavelo.fr\/blog\/wp-content\/uploads\/2015\/06\/couleeq.jpg 1280w\" sizes=\"auto, (max-width: 700px) 100vw, 700px\" \/><\/p>\n<p>et en 2015, c&rsquo;est une fresque qui remplace les tags.<\/p>\n<p><img loading=\"lazy\" decoding=\"async\" class=\"aligncenter size-large wp-image-1019\" src=\"http:\/\/www.sortirdeparisavelo.fr\/blog\/wp-content\/uploads\/2015\/06\/150523-232_DxO-1200x800.jpg\" alt=\"150523 232_DxO\" width=\"700\" height=\"467\" srcset=\"http:\/\/www.sortirdeparisavelo.fr\/blog\/wp-content\/uploads\/2015\/06\/150523-232_DxO-1200x800.jpg 1200w, http:\/\/www.sortirdeparisavelo.fr\/blog\/wp-content\/uploads\/2015\/06\/150523-232_DxO-160x107.jpg 160w, http:\/\/www.sortirdeparisavelo.fr\/blog\/wp-content\/uploads\/2015\/06\/150523-232_DxO-320x213.jpg 320w, http:\/\/www.sortirdeparisavelo.fr\/blog\/wp-content\/uploads\/2015\/06\/150523-232_DxO-1140x760.jpg 1140w, http:\/\/www.sortirdeparisavelo.fr\/blog\/wp-content\/uploads\/2015\/06\/150523-232_DxO-552x368.jpg 552w, http:\/\/www.sortirdeparisavelo.fr\/blog\/wp-content\/uploads\/2015\/06\/150523-232_DxO.jpg 1800w\" sizes=\"auto, (max-width: 700px) 100vw, 700px\" \/><\/p>\n<p><img loading=\"lazy\" decoding=\"async\" class=\"aligncenter size-large wp-image-1020\" src=\"http:\/\/www.sortirdeparisavelo.fr\/blog\/wp-content\/uploads\/2015\/06\/150523-236_DxO-1200x800.jpg\" alt=\"150523 236_DxO\" width=\"700\" height=\"467\" srcset=\"http:\/\/www.sortirdeparisavelo.fr\/blog\/wp-content\/uploads\/2015\/06\/150523-236_DxO-1200x800.jpg 1200w, http:\/\/www.sortirdeparisavelo.fr\/blog\/wp-content\/uploads\/2015\/06\/150523-236_DxO-160x107.jpg 160w, http:\/\/www.sortirdeparisavelo.fr\/blog\/wp-content\/uploads\/2015\/06\/150523-236_DxO-320x213.jpg 320w, http:\/\/www.sortirdeparisavelo.fr\/blog\/wp-content\/uploads\/2015\/06\/150523-236_DxO-1140x760.jpg 1140w, http:\/\/www.sortirdeparisavelo.fr\/blog\/wp-content\/uploads\/2015\/06\/150523-236_DxO-552x368.jpg 552w, http:\/\/www.sortirdeparisavelo.fr\/blog\/wp-content\/uploads\/2015\/06\/150523-236_DxO.jpg 1800w\" sizes=\"auto, (max-width: 700px) 100vw, 700px\" \/><\/p>\n<p>A noter que de part et d&rsquo;autre de ce tunnel, des barri\u00e8res ralentissent un peu le cycliste en 2013 comme en 2015. Mais en 2014, elles avaient \u00e9t\u00e9 presque enti\u00e8rement retir\u00e9es ! Ou vandalis\u00e9es, puis remplac\u00e9es par plus robustes ?<\/p>\n<p><img loading=\"lazy\" decoding=\"async\" class=\"aligncenter size-large wp-image-1023\" src=\"http:\/\/www.sortirdeparisavelo.fr\/blog\/wp-content\/uploads\/2015\/06\/couleer-1200x675.jpg\" alt=\"couleer\" width=\"700\" height=\"394\" srcset=\"http:\/\/www.sortirdeparisavelo.fr\/blog\/wp-content\/uploads\/2015\/06\/couleer-1200x675.jpg 1200w, http:\/\/www.sortirdeparisavelo.fr\/blog\/wp-content\/uploads\/2015\/06\/couleer-160x90.jpg 160w, http:\/\/www.sortirdeparisavelo.fr\/blog\/wp-content\/uploads\/2015\/06\/couleer-320x180.jpg 320w, http:\/\/www.sortirdeparisavelo.fr\/blog\/wp-content\/uploads\/2015\/06\/couleer-1140x641.jpg 1140w, http:\/\/www.sortirdeparisavelo.fr\/blog\/wp-content\/uploads\/2015\/06\/couleer-552x311.jpg 552w, http:\/\/www.sortirdeparisavelo.fr\/blog\/wp-content\/uploads\/2015\/06\/couleer.jpg 1280w\" sizes=\"auto, (max-width: 700px) 100vw, 700px\" \/><\/p>\n<p><img loading=\"lazy\" decoding=\"async\" class=\"aligncenter size-full wp-image-1021\" src=\"http:\/\/www.sortirdeparisavelo.fr\/blog\/wp-content\/uploads\/2015\/06\/2014barr.jpg\" alt=\"2014barr\" width=\"805\" height=\"420\" srcset=\"http:\/\/www.sortirdeparisavelo.fr\/blog\/wp-content\/uploads\/2015\/06\/2014barr.jpg 805w, http:\/\/www.sortirdeparisavelo.fr\/blog\/wp-content\/uploads\/2015\/06\/2014barr-160x83.jpg 160w, http:\/\/www.sortirdeparisavelo.fr\/blog\/wp-content\/uploads\/2015\/06\/2014barr-320x167.jpg 320w, http:\/\/www.sortirdeparisavelo.fr\/blog\/wp-content\/uploads\/2015\/06\/2014barr-552x288.jpg 552w\" sizes=\"auto, (max-width: 805px) 100vw, 805px\" \/><\/p>\n<p><img loading=\"lazy\" decoding=\"async\" class=\"aligncenter size-large wp-image-1022\" src=\"http:\/\/www.sortirdeparisavelo.fr\/blog\/wp-content\/uploads\/2015\/06\/150523-221_DxO-1200x800.jpg\" alt=\"150523 221_DxO\" width=\"700\" height=\"467\" srcset=\"http:\/\/www.sortirdeparisavelo.fr\/blog\/wp-content\/uploads\/2015\/06\/150523-221_DxO-1200x800.jpg 1200w, http:\/\/www.sortirdeparisavelo.fr\/blog\/wp-content\/uploads\/2015\/06\/150523-221_DxO-160x107.jpg 160w, http:\/\/www.sortirdeparisavelo.fr\/blog\/wp-content\/uploads\/2015\/06\/150523-221_DxO-320x213.jpg 320w, http:\/\/www.sortirdeparisavelo.fr\/blog\/wp-content\/uploads\/2015\/06\/150523-221_DxO-1140x760.jpg 1140w, http:\/\/www.sortirdeparisavelo.fr\/blog\/wp-content\/uploads\/2015\/06\/150523-221_DxO-552x368.jpg 552w, http:\/\/www.sortirdeparisavelo.fr\/blog\/wp-content\/uploads\/2015\/06\/150523-221_DxO.jpg 1800w\" sizes=\"auto, (max-width: 700px) 100vw, 700px\" \/><\/p>\n<p>Enfin, juste en arrivant \u00e0 Antony, la derni\u00e8re modification r\u00e9cente n&rsquo;est pas la moindre. Le mur anti-bruit de l&rsquo;autoroute fut termin\u00e9,<\/p>\n<p><img loading=\"lazy\" decoding=\"async\" class=\"aligncenter size-large wp-image-1024\" src=\"http:\/\/www.sortirdeparisavelo.fr\/blog\/wp-content\/uploads\/2015\/06\/couleet-1200x675.jpg\" alt=\"couleet\" width=\"700\" height=\"394\" srcset=\"http:\/\/www.sortirdeparisavelo.fr\/blog\/wp-content\/uploads\/2015\/06\/couleet-1200x675.jpg 1200w, http:\/\/www.sortirdeparisavelo.fr\/blog\/wp-content\/uploads\/2015\/06\/couleet-160x90.jpg 160w, http:\/\/www.sortirdeparisavelo.fr\/blog\/wp-content\/uploads\/2015\/06\/couleet-320x180.jpg 320w, http:\/\/www.sortirdeparisavelo.fr\/blog\/wp-content\/uploads\/2015\/06\/couleet-1140x641.jpg 1140w, http:\/\/www.sortirdeparisavelo.fr\/blog\/wp-content\/uploads\/2015\/06\/couleet-552x311.jpg 552w, http:\/\/www.sortirdeparisavelo.fr\/blog\/wp-content\/uploads\/2015\/06\/couleet.jpg 1280w\" sizes=\"auto, (max-width: 700px) 100vw, 700px\" \/><\/p>\n<p>et un nouveau parc a \u00e9t\u00e9 ouvert, le Parc des Alisiers, dont une sortie donne directement sur la Coul\u00e9e Verte. Ce petit parc est tr\u00e8s r\u00e9ussi, m\u00eame si cette sortie est une petite descente assez raide sur laquelle les enfants \u00e0 v\u00e9lo ne sont pas tr\u00e8s \u00e0 l&rsquo;aise. <img loading=\"lazy\" decoding=\"async\" class=\"aligncenter size-large wp-image-1025\" src=\"http:\/\/www.sortirdeparisavelo.fr\/blog\/wp-content\/uploads\/2015\/06\/150523-260_DxO-1200x800.jpg\" alt=\"150523 260_DxO\" width=\"700\" height=\"467\" srcset=\"http:\/\/www.sortirdeparisavelo.fr\/blog\/wp-content\/uploads\/2015\/06\/150523-260_DxO-1200x800.jpg 1200w, http:\/\/www.sortirdeparisavelo.fr\/blog\/wp-content\/uploads\/2015\/06\/150523-260_DxO-160x107.jpg 160w, http:\/\/www.sortirdeparisavelo.fr\/blog\/wp-content\/uploads\/2015\/06\/150523-260_DxO-320x213.jpg 320w, http:\/\/www.sortirdeparisavelo.fr\/blog\/wp-content\/uploads\/2015\/06\/150523-260_DxO-1140x760.jpg 1140w, http:\/\/www.sortirdeparisavelo.fr\/blog\/wp-content\/uploads\/2015\/06\/150523-260_DxO-552x368.jpg 552w, http:\/\/www.sortirdeparisavelo.fr\/blog\/wp-content\/uploads\/2015\/06\/150523-260_DxO.jpg 1800w\" sizes=\"auto, (max-width: 700px) 100vw, 700px\" \/><\/p>\n<p>Derri\u00e8re ce toboggan, l&rsquo;autoroute. Le mur anti-bruit remplit son office.<\/p>\n<p><img loading=\"lazy\" decoding=\"async\" class=\"aligncenter size-large wp-image-1026\" src=\"http:\/\/www.sortirdeparisavelo.fr\/blog\/wp-content\/uploads\/2015\/06\/150523-264_DxO-1200x800.jpg\" alt=\"150523 264_DxO\" width=\"700\" height=\"467\" srcset=\"http:\/\/www.sortirdeparisavelo.fr\/blog\/wp-content\/uploads\/2015\/06\/150523-264_DxO-1200x800.jpg 1200w, http:\/\/www.sortirdeparisavelo.fr\/blog\/wp-content\/uploads\/2015\/06\/150523-264_DxO-160x107.jpg 160w, http:\/\/www.sortirdeparisavelo.fr\/blog\/wp-content\/uploads\/2015\/06\/150523-264_DxO-320x213.jpg 320w, http:\/\/www.sortirdeparisavelo.fr\/blog\/wp-content\/uploads\/2015\/06\/150523-264_DxO-1140x760.jpg 1140w, http:\/\/www.sortirdeparisavelo.fr\/blog\/wp-content\/uploads\/2015\/06\/150523-264_DxO-552x368.jpg 552w, http:\/\/www.sortirdeparisavelo.fr\/blog\/wp-content\/uploads\/2015\/06\/150523-264_DxO.jpg 1800w\" sizes=\"auto, (max-width: 700px) 100vw, 700px\" \/><\/p>\n<p>Diaporama des photos de 2015 de l&rsquo;article :<\/p>\n<style id=\"bwg-style-0\">    #bwg_container1_0 #bwg_container2_0 .bwg-container-0.bwg-standard-thumbnails {      width: 904px;              justify-content: center;        margin:0 auto !important;              background-color: rgba(255, 255, 255, 0.00);            padding-left: 4px;      padding-top: 4px;      max-width: 100%;            }        #bwg_container1_0 #bwg_container2_0 .bwg-container-0.bwg-standard-thumbnails .bwg-item {    justify-content: flex-start;      max-width: 180px;            width: 180px !important;          }    #bwg_container1_0 #bwg_container2_0 .bwg-container-0.bwg-standard-thumbnails .bwg-item a {       margin-right: 4px;       margin-bottom: 4px;    }    #bwg_container1_0 #bwg_container2_0 .bwg-container-0.bwg-standard-thumbnails .bwg-item0 {      padding: 0px;            background-color:rgba(255,255,255, 0.30);      border: 0px none #CCCCCC;      opacity: 1.00;      border-radius: 0;      box-shadow: 0px 0px 0px #888888;    }    #bwg_container1_0 #bwg_container2_0 .bwg-container-0.bwg-standard-thumbnails .bwg-item1 img {      max-height: none;      max-width: none;      padding: 0 !important;    }        @media only screen and (min-width: 480px) {      #bwg_container1_0 #bwg_container2_0 .bwg-container-0.bwg-standard-thumbnails .bwg-item0 {        transition: all 0.3s ease 0s;-webkit-transition: all 0.3s ease 0s;      }      #bwg_container1_0 #bwg_container2_0 .bwg-container-0.bwg-standard-thumbnails .bwg-item0:hover {        -ms-transform: scale(1.1);        -webkit-transform: scale(1.1);        transform: scale(1.1);      }    }          #bwg_container1_0 #bwg_container2_0 .bwg-container-0.bwg-standard-thumbnails .bwg-item1 {      padding-top: 50%;    }        #bwg_container1_0 #bwg_container2_0 .bwg-container-0.bwg-standard-thumbnails .bwg-title2,    #bwg_container1_0 #bwg_container2_0 .bwg-container-0.bwg-standard-thumbnails .bwg-ecommerce2 {      color: #CCCCCC;      font-family: segoe ui;      font-size: 16px;      font-weight: bold;      padding: 2px;      text-shadow: 0px 0px 0px #888888;      max-height: 100%;    }    #bwg_container1_0 #bwg_container2_0 .bwg-container-0.bwg-standard-thumbnails .bwg-thumb-description span {    color: #323A45;    font-family: Ubuntu;    font-size: 12px;    max-height: 100%;    word-wrap: break-word;    }    #bwg_container1_0 #bwg_container2_0 .bwg-container-0.bwg-standard-thumbnails .bwg-play-icon2 {      font-size: 32px;    }    #bwg_container1_0 #bwg_container2_0 .bwg-container-0.bwg-standard-thumbnails .bwg-ecommerce2 {      font-size: 19.2px;      color: #CCCCCC;    }    <\/style>    <div id=\"bwg_container1_0\"         class=\"bwg_container bwg_thumbnail bwg_thumbnails \"         data-right-click-protection=\"0\"         data-bwg=\"0\"         data-scroll=\"0\"         data-gallery-type=\"thumbnails\"         data-gallery-view-type=\"thumbnails\"         data-current-url=\"\/blog\/wp-json\/wp\/v2\/posts\/982\"         data-lightbox-url=\"http:\/\/www.sortirdeparisavelo.fr\/blog\/wp-admin\/admin-ajax.php?action=GalleryBox&#038;current_view=0&#038;gallery_id=29&#038;tag=0&#038;theme_id=1&#038;shortcode_id=35&#038;sort_by=order&#038;order_by=desc&#038;current_url=%2Fblog%2Fwp-json%2Fwp%2Fv2%2Fposts%2F982\"         data-gallery-id=\"29\"         data-popup-width=\"800\"         data-popup-height=\"500\"         data-is-album=\"gallery\"         data-buttons-position=\"bottom\">      <div id=\"bwg_container2_0\">             <div id=\"ajax_loading_0\" class=\"bwg_loading_div_1\">      <div class=\"bwg_loading_div_2\">        <div class=\"bwg_loading_div_3\">          <div id=\"loading_div_0\" class=\"bwg_spider_ajax_loading\">          <\/div>        <\/div>      <\/div>    <\/div>            <form id=\"gal_front_form_0\"              class=\"bwg-hidden\"              method=\"post\"              action=\"#\"              data-current=\"0\"              data-shortcode-id=\"35\"              data-gallery-type=\"thumbnails\"              data-gallery-id=\"29\"              data-tag=\"0\"              data-album-id=\"0\"              data-theme-id=\"1\"              data-ajax-url=\"http:\/\/www.sortirdeparisavelo.fr\/blog\/wp-admin\/admin-ajax.php?action=bwg_frontend_data\">          <div id=\"bwg_container3_0\" class=\"bwg-background bwg-background-0\">                <div data-max-count=\"5\"         data-thumbnail-width=\"180\"         data-bwg=\"0\"         data-gallery-id=\"29\"         data-lightbox-url=\"http:\/\/www.sortirdeparisavelo.fr\/blog\/wp-admin\/admin-ajax.php?action=GalleryBox&amp;current_view=0&amp;gallery_id=29&amp;tag=0&amp;theme_id=1&amp;shortcode_id=35&amp;sort_by=order&amp;order_by=desc&amp;current_url=%2Fblog%2Fwp-json%2Fwp%2Fv2%2Fposts%2F982\"         id=\"bwg_thumbnails_0\"         class=\"bwg-container-0 bwg-thumbnails bwg-standard-thumbnails bwg-container bwg-border-box\">            <div class=\"bwg-item\">        <a class=\"bwg-a \"  data-elementor-open-lightbox=\"no\">                <div class=\"bwg-item0 \">          <div class=\"bwg-item1 \">            <div class=\"bwg-item2\">              <img decoding=\"async\" class=\"skip-lazy bwg_standart_thumb_img_0 \"                   data-id=\"727\"                   data-width=\"\"                   data-height=\"\"                   data-src=\"http:\/\/www.sortirdeparisavelo.fr\/blog\/wp-content\/uploads\/photo-gallery\/150617%20changcoulee\/thumb\/150523%20063_DxO.jpg\"                   src=\"http:\/\/www.sortirdeparisavelo.fr\/blog\/wp-content\/uploads\/photo-gallery\/150617%20changcoulee\/thumb\/150523%20063_DxO.jpg\"                   alt=\"150523 063_DxO \"                   title=\"150523 063_DxO \" \/>            <\/div>            <div class=\"\">                                                      <\/div>          <\/div>        <\/div>                        <\/a>              <\/div>            <div class=\"bwg-item\">        <a class=\"bwg-a \"  data-elementor-open-lightbox=\"no\">                <div class=\"bwg-item0 \">          <div class=\"bwg-item1 \">            <div class=\"bwg-item2\">              <img decoding=\"async\" class=\"skip-lazy bwg_standart_thumb_img_0 \"                   data-id=\"728\"                   data-width=\"\"                   data-height=\"\"                   data-src=\"http:\/\/www.sortirdeparisavelo.fr\/blog\/wp-content\/uploads\/photo-gallery\/150617%20changcoulee\/thumb\/150523%20067_DxO.jpg\"                   src=\"http:\/\/www.sortirdeparisavelo.fr\/blog\/wp-content\/uploads\/photo-gallery\/150617%20changcoulee\/thumb\/150523%20067_DxO.jpg\"                   alt=\"150523 067_DxO \"                   title=\"150523 067_DxO \" \/>            <\/div>            <div class=\"\">                                                      <\/div>          <\/div>        <\/div>                        <\/a>              <\/div>            <div class=\"bwg-item\">        <a class=\"bwg-a \"  data-elementor-open-lightbox=\"no\">                <div class=\"bwg-item0 \">          <div class=\"bwg-item1 \">            <div class=\"bwg-item2\">              <img decoding=\"async\" class=\"skip-lazy bwg_standart_thumb_img_0 \"                   data-id=\"1090\"                   data-width=\"\"                   data-height=\"\"                   data-src=\"http:\/\/www.sortirdeparisavelo.fr\/blog\/wp-content\/uploads\/photo-gallery\/150617%20changcoulee\/thumb\/150816%20006_DxO.jpg\"                   src=\"http:\/\/www.sortirdeparisavelo.fr\/blog\/wp-content\/uploads\/photo-gallery\/150617%20changcoulee\/thumb\/150816%20006_DxO.jpg\"                   alt=\"150816 006_DxO\"                   title=\"150816 006_DxO\" \/>            <\/div>            <div class=\"\">                                                      <\/div>          <\/div>        <\/div>                        <\/a>              <\/div>            <div class=\"bwg-item\">        <a class=\"bwg-a \"  data-elementor-open-lightbox=\"no\">                <div class=\"bwg-item0 \">          <div class=\"bwg-item1 \">            <div class=\"bwg-item2\">              <img decoding=\"async\" class=\"skip-lazy bwg_standart_thumb_img_0 \"                   data-id=\"729\"                   data-width=\"\"                   data-height=\"\"                   data-src=\"http:\/\/www.sortirdeparisavelo.fr\/blog\/wp-content\/uploads\/photo-gallery\/150617%20changcoulee\/thumb\/150523%20084_DxO.jpg\"                   src=\"http:\/\/www.sortirdeparisavelo.fr\/blog\/wp-content\/uploads\/photo-gallery\/150617%20changcoulee\/thumb\/150523%20084_DxO.jpg\"                   alt=\"150523 084_DxO \"                   title=\"150523 084_DxO \" \/>            <\/div>            <div class=\"\">                                                      <\/div>          <\/div>        <\/div>                        <\/a>              <\/div>            <div class=\"bwg-item\">        <a class=\"bwg-a \"  data-elementor-open-lightbox=\"no\">                <div class=\"bwg-item0 \">          <div class=\"bwg-item1 \">            <div class=\"bwg-item2\">              <img decoding=\"async\" class=\"skip-lazy bwg_standart_thumb_img_0 \"                   data-id=\"1091\"                   data-width=\"\"                   data-height=\"\"                   data-src=\"http:\/\/www.sortirdeparisavelo.fr\/blog\/wp-content\/uploads\/photo-gallery\/150617%20changcoulee\/thumb\/150816%20024_DxO.jpg\"                   src=\"http:\/\/www.sortirdeparisavelo.fr\/blog\/wp-content\/uploads\/photo-gallery\/150617%20changcoulee\/thumb\/150816%20024_DxO.jpg\"                   alt=\"150816 024_DxO\"                   title=\"150816 024_DxO\" \/>            <\/div>            <div class=\"\">                                                      <\/div>          <\/div>        <\/div>                        <\/a>              <\/div>            <div class=\"bwg-item\">        <a class=\"bwg-a \"  data-elementor-open-lightbox=\"no\">                <div class=\"bwg-item0 \">          <div class=\"bwg-item1 \">            <div class=\"bwg-item2\">              <img decoding=\"async\" class=\"skip-lazy bwg_standart_thumb_img_0 \"                   data-id=\"730\"                   data-width=\"\"                   data-height=\"\"                   data-src=\"http:\/\/www.sortirdeparisavelo.fr\/blog\/wp-content\/uploads\/photo-gallery\/150617%20changcoulee\/thumb\/150523%20115_DxO.jpg\"                   src=\"http:\/\/www.sortirdeparisavelo.fr\/blog\/wp-content\/uploads\/photo-gallery\/150617%20changcoulee\/thumb\/150523%20115_DxO.jpg\"                   alt=\"150523 115_DxO \"                   title=\"150523 115_DxO \" \/>            <\/div>            <div class=\"\">                                                      <\/div>          <\/div>        <\/div>                        <\/a>              <\/div>            <div class=\"bwg-item\">        <a class=\"bwg-a \"  data-elementor-open-lightbox=\"no\">                <div class=\"bwg-item0 \">          <div class=\"bwg-item1 \">            <div class=\"bwg-item2\">              <img decoding=\"async\" class=\"skip-lazy bwg_standart_thumb_img_0 \"                   data-id=\"731\"                   data-width=\"\"                   data-height=\"\"                   data-src=\"http:\/\/www.sortirdeparisavelo.fr\/blog\/wp-content\/uploads\/photo-gallery\/150617%20changcoulee\/thumb\/150523%20121_DxO.jpg\"                   src=\"http:\/\/www.sortirdeparisavelo.fr\/blog\/wp-content\/uploads\/photo-gallery\/150617%20changcoulee\/thumb\/150523%20121_DxO.jpg\"                   alt=\"150523 121_DxO \"                   title=\"150523 121_DxO \" \/>            <\/div>            <div class=\"\">                                                      <\/div>          <\/div>        <\/div>                        <\/a>              <\/div>            <div class=\"bwg-item\">        <a class=\"bwg-a \"  data-elementor-open-lightbox=\"no\">                <div class=\"bwg-item0 \">          <div class=\"bwg-item1 \">            <div class=\"bwg-item2\">              <img decoding=\"async\" class=\"skip-lazy bwg_standart_thumb_img_0 \"                   data-id=\"732\"                   data-width=\"\"                   data-height=\"\"                   data-src=\"http:\/\/www.sortirdeparisavelo.fr\/blog\/wp-content\/uploads\/photo-gallery\/150617%20changcoulee\/thumb\/150523%20124_DxO.jpg\"                   src=\"http:\/\/www.sortirdeparisavelo.fr\/blog\/wp-content\/uploads\/photo-gallery\/150617%20changcoulee\/thumb\/150523%20124_DxO.jpg\"                   alt=\"150523 124_DxO \"                   title=\"150523 124_DxO \" \/>            <\/div>            <div class=\"\">                                                      <\/div>          <\/div>        <\/div>                        <\/a>              <\/div>            <div class=\"bwg-item\">        <a class=\"bwg-a \"  data-elementor-open-lightbox=\"no\">                <div class=\"bwg-item0 \">          <div class=\"bwg-item1 \">            <div class=\"bwg-item2\">              <img decoding=\"async\" class=\"skip-lazy bwg_standart_thumb_img_0 \"                   data-id=\"733\"                   data-width=\"\"                   data-height=\"\"                   data-src=\"http:\/\/www.sortirdeparisavelo.fr\/blog\/wp-content\/uploads\/photo-gallery\/150617%20changcoulee\/thumb\/150523%20131_DxO.jpg\"                   src=\"http:\/\/www.sortirdeparisavelo.fr\/blog\/wp-content\/uploads\/photo-gallery\/150617%20changcoulee\/thumb\/150523%20131_DxO.jpg\"                   alt=\"150523 131_DxO \"                   title=\"150523 131_DxO \" \/>            <\/div>            <div class=\"\">                                                      <\/div>          <\/div>        <\/div>                        <\/a>              <\/div>            <div class=\"bwg-item\">        <a class=\"bwg-a \"  data-elementor-open-lightbox=\"no\">                <div class=\"bwg-item0 \">          <div class=\"bwg-item1 \">            <div class=\"bwg-item2\">              <img decoding=\"async\" class=\"skip-lazy bwg_standart_thumb_img_0 \"                   data-id=\"734\"                   data-width=\"\"                   data-height=\"\"                   data-src=\"http:\/\/www.sortirdeparisavelo.fr\/blog\/wp-content\/uploads\/photo-gallery\/150617%20changcoulee\/thumb\/150523%20221_DxO.jpg\"                   src=\"http:\/\/www.sortirdeparisavelo.fr\/blog\/wp-content\/uploads\/photo-gallery\/150617%20changcoulee\/thumb\/150523%20221_DxO.jpg\"                   alt=\"150523 221_DxO \"                   title=\"150523 221_DxO \" \/>            <\/div>            <div class=\"\">                                                      <\/div>          <\/div>        <\/div>                        <\/a>              <\/div>            <div class=\"bwg-item\">        <a class=\"bwg-a \"  data-elementor-open-lightbox=\"no\">                <div class=\"bwg-item0 \">          <div class=\"bwg-item1 \">            <div class=\"bwg-item2\">              <img decoding=\"async\" class=\"skip-lazy bwg_standart_thumb_img_0 \"                   data-id=\"735\"                   data-width=\"\"                   data-height=\"\"                   data-src=\"http:\/\/www.sortirdeparisavelo.fr\/blog\/wp-content\/uploads\/photo-gallery\/150617%20changcoulee\/thumb\/150523%20232_DxO.jpg\"                   src=\"http:\/\/www.sortirdeparisavelo.fr\/blog\/wp-content\/uploads\/photo-gallery\/150617%20changcoulee\/thumb\/150523%20232_DxO.jpg\"                   alt=\"150523 232_DxO \"                   title=\"150523 232_DxO \" \/>            <\/div>            <div class=\"\">                                                      <\/div>          <\/div>        <\/div>                        <\/a>              <\/div>            <div class=\"bwg-item\">        <a class=\"bwg-a \"  data-elementor-open-lightbox=\"no\">                <div class=\"bwg-item0 \">          <div class=\"bwg-item1 \">            <div class=\"bwg-item2\">              <img decoding=\"async\" class=\"skip-lazy bwg_standart_thumb_img_0 \"                   data-id=\"736\"                   data-width=\"\"                   data-height=\"\"                   data-src=\"http:\/\/www.sortirdeparisavelo.fr\/blog\/wp-content\/uploads\/photo-gallery\/150617%20changcoulee\/thumb\/150523%20236_DxO.jpg\"                   src=\"http:\/\/www.sortirdeparisavelo.fr\/blog\/wp-content\/uploads\/photo-gallery\/150617%20changcoulee\/thumb\/150523%20236_DxO.jpg\"                   alt=\"150523 236_DxO \"                   title=\"150523 236_DxO \" \/>            <\/div>            <div class=\"\">                                                      <\/div>          <\/div>        <\/div>                        <\/a>              <\/div>            <div class=\"bwg-item\">        <a class=\"bwg-a \"  data-elementor-open-lightbox=\"no\">                <div class=\"bwg-item0 \">          <div class=\"bwg-item1 \">            <div class=\"bwg-item2\">              <img decoding=\"async\" class=\"skip-lazy bwg_standart_thumb_img_0 \"                   data-id=\"737\"                   data-width=\"\"                   data-height=\"\"                   data-src=\"http:\/\/www.sortirdeparisavelo.fr\/blog\/wp-content\/uploads\/photo-gallery\/150617%20changcoulee\/thumb\/150523%20260_DxO.jpg\"                   src=\"http:\/\/www.sortirdeparisavelo.fr\/blog\/wp-content\/uploads\/photo-gallery\/150617%20changcoulee\/thumb\/150523%20260_DxO.jpg\"                   alt=\"150523 260_DxO \"                   title=\"150523 260_DxO \" \/>            <\/div>            <div class=\"\">                                                      <\/div>          <\/div>        <\/div>                        <\/a>              <\/div>            <div class=\"bwg-item\">        <a class=\"bwg-a \"  data-elementor-open-lightbox=\"no\">                <div class=\"bwg-item0 \">          <div class=\"bwg-item1 \">            <div class=\"bwg-item2\">              <img decoding=\"async\" class=\"skip-lazy bwg_standart_thumb_img_0 \"                   data-id=\"738\"                   data-width=\"\"                   data-height=\"\"                   data-src=\"http:\/\/www.sortirdeparisavelo.fr\/blog\/wp-content\/uploads\/photo-gallery\/150617%20changcoulee\/thumb\/150523%20264_DxO.jpg\"                   src=\"http:\/\/www.sortirdeparisavelo.fr\/blog\/wp-content\/uploads\/photo-gallery\/150617%20changcoulee\/thumb\/150523%20264_DxO.jpg\"                   alt=\"150523 264_DxO \"                   title=\"150523 264_DxO \" \/>            <\/div>            <div class=\"\">                                                      <\/div>          <\/div>        <\/div>                        <\/a>              <\/div>          <\/div>    <style>      \/*pagination styles*\/      #bwg_container1_0 #bwg_container2_0 .tablenav-pages_0 {\t\t\t\ttext-align: center;\t\t\t\tfont-size: 12px;\t\t\t\tfont-family: segoe ui;\t\t\t\tfont-weight: bold;\t\t\t\tcolor: #666666;\t\t\t\tmargin: 6px 0 4px;\t\t\t\tdisplay: block;      }      @media only screen and (max-width : 320px) {      #bwg_container1_0 #bwg_container2_0 .displaying-num_0 {     \t display: none;      }      }      #bwg_container1_0 #bwg_container2_0 .displaying-num_0 {\t\t\t\tfont-size: 12px;\t\t\t\tfont-family: segoe ui;\t\t\t\tfont-weight: bold;\t\t\t\tcolor: #666666;\t\t\t\tmargin-right: 10px;\t\t\t\tvertical-align: middle;      }      #bwg_container1_0 #bwg_container2_0 .paging-input_0 {\t\t\t\tfont-size: 12px;\t\t\t\tfont-family: segoe ui;\t\t\t\tfont-weight: bold;\t\t\t\tcolor: #666666;\t\t\t\tvertical-align: middle;      }      #bwg_container1_0 #bwg_container2_0 .tablenav-pages_0 a.disabled,      #bwg_container1_0 #bwg_container2_0 .tablenav-pages_0 a.disabled:hover,      #bwg_container1_0 #bwg_container2_0 .tablenav-pages_0 a.disabled:focus,\t\t\t#bwg_container1_0 #bwg_container2_0 .tablenav-pages_0 input.bwg_current_page {\t\t\t\tcursor: default;\t\t\t\tcolor: rgba(102, 102, 102, 0.5);      }      #bwg_container1_0 #bwg_container2_0 .tablenav-pages_0 a,      #bwg_container1_0 #bwg_container2_0 .tablenav-pages_0 input.bwg_current_page {\t\t\t\tcursor: pointer;\t\t\t\ttext-align: center;\t\t\t\tfont-size: 12px;\t\t\t\tfont-family: segoe ui;\t\t\t\tfont-weight: bold;\t\t\t\tcolor: #666666;\t\t\t\ttext-decoration: none;\t\t\t\tpadding: 3px 6px;\t\t\t\tmargin: 0;\t\t\t\tborder-radius: 0;\t\t\t\tborder-style: solid;\t\t\t\tborder-width: 1px;\t\t\t\tborder-color: #E3E3E3;\t\t\t\t\t\t\t\tbackground-color: rgba(255, 255, 255, 1.00);\t\t\t\tbox-shadow: 0;\t\t\t\ttransition: all 0.3s ease 0s;-webkit-transition: all 0.3s ease 0s;      }      <\/style>      <span class=\"bwg_nav_cont_0\">              <div class=\"tablenav-pages_0\">                  <\/div>                <input type=\"hidden\" id=\"page_number_0\" name=\"page_number_0\" value=\"1\" \/>      <script type=\"text\/javascript\">        if( jQuery('.bwg_nav_cont_0').length > 1 ) {          jQuery('.bwg_nav_cont_0').first().remove()        }        function spider_page_0(cur, x, y, load_more) {          if (typeof load_more == \"undefined\") {            var load_more = false;          }          if (jQuery(cur).hasClass('disabled')) {            return false;          }          var items_county_0 = 1;          switch (y) {            case 1:              if (x >= items_county_0) {                document.getElementById('page_number_0').value = items_county_0;              }              else {                document.getElementById('page_number_0').value = x + 1;              }              break;            case 2:              document.getElementById('page_number_0').value = items_county_0;              break;            case -1:              if (x == 1) {                document.getElementById('page_number_0').value = 1;              }              else {                document.getElementById('page_number_0').value = x - 1;              }              break;            case -2:              document.getElementById('page_number_0').value = 1;              break;\t\t\t\t\t\tcase 0:              document.getElementById('page_number_0').value = x;              break;            default:              document.getElementById('page_number_0').value = 1;          }          bwg_ajax('gal_front_form_0', '0', 'bwg_thumbnails_0', '0', '', 'gallery', 0, '', '', load_more, '', 1);        }                    jQuery('.first-page-0').on('click', function () {              spider_page_0(this, 1, -2, 'numeric');              return false;            });            jQuery('.prev-page-0').on('click', function () {              spider_page_0(this, 1, -1, 'numeric');              return false;            });            jQuery('.next-page-0').on('click', function () {              spider_page_0(this, 1, 1, 'numeric');              return false;            });            jQuery('.last-page-0').on('click', function () {              spider_page_0(this, 1, 2, 'numeric');              return false;            });        \t\t\t\t\/* Change page on input enter. *\/        function bwg_change_page_0( e, that ) {          if (  e.key == 'Enter' ) {            var to_page = parseInt(jQuery(that).val());            var pages_count = jQuery(that).parents(\".pagination-links\").data(\"pages-count\");            var current_url_param = jQuery(that).attr('data-url-info');            if (to_page > pages_count) {              to_page = 1;            }\t \t\t\t\t\t\t\t\t\t\t\t\tspider_page_0(this, to_page, 0, 'numeric');\t\t\t\t\t\t\treturn false;\t\t\t\t\t\t          }          return true;        }        jQuery('.bwg_load_btn_0').on('click', function () {            spider_page_0(this, 1, 1, true);            return false;        });      <\/script>      <\/span>                <\/div>        <\/form>              <\/div>    <\/div>    <script>      if (document.readyState === 'complete') {        if( typeof bwg_main_ready == 'function' ) {          if ( jQuery(\"#bwg_container1_0\").height() ) {            bwg_main_ready(jQuery(\"#bwg_container1_0\"));          }        }      } else {        document.addEventListener('DOMContentLoaded', function() {          if( typeof bwg_main_ready == 'function' ) {            if ( jQuery(\"#bwg_container1_0\").height() ) {             bwg_main_ready(jQuery(\"#bwg_container1_0\"));            }          }        });      }    <\/script>    \n","protected":false},"excerpt":{"rendered":"<p>Point sur l&rsquo;\u00e9volution du plus ancien des itin\u00e9raires cyclables partant de Paris [Mise \u00e0 jour Ao\u00fbt 2015]<\/p>\n","protected":false},"author":1,"featured_media":998,"comment_status":"open","ping_status":"open","sticky":false,"template":"","format":"standard","meta":{"_monsterinsights_skip_tracking":false,"_monsterinsights_sitenote_active":false,"_monsterinsights_sitenote_note":"","_monsterinsights_sitenote_category":0,"_uf_show_specific_survey":0,"_uf_disable_surveys":false,"footnotes":""},"categories":[149,173],"tags":[],"class_list":["post-982","post","type-post","status-publish","format-standard","has-post-thumbnail","hentry","category-amenagements","category-changements","post-preview"],"_links":{"self":[{"href":"http:\/\/www.sortirdeparisavelo.fr\/blog\/wp-json\/wp\/v2\/posts\/982","targetHints":{"allow":["GET"]}}],"collection":[{"href":"http:\/\/www.sortirdeparisavelo.fr\/blog\/wp-json\/wp\/v2\/posts"}],"about":[{"href":"http:\/\/www.sortirdeparisavelo.fr\/blog\/wp-json\/wp\/v2\/types\/post"}],"author":[{"embeddable":true,"href":"http:\/\/www.sortirdeparisavelo.fr\/blog\/wp-json\/wp\/v2\/users\/1"}],"replies":[{"embeddable":true,"href":"http:\/\/www.sortirdeparisavelo.fr\/blog\/wp-json\/wp\/v2\/comments?post=982"}],"version-history":[{"count":23,"href":"http:\/\/www.sortirdeparisavelo.fr\/blog\/wp-json\/wp\/v2\/posts\/982\/revisions"}],"predecessor-version":[{"id":1297,"href":"http:\/\/www.sortirdeparisavelo.fr\/blog\/wp-json\/wp\/v2\/posts\/982\/revisions\/1297"}],"wp:featuredmedia":[{"embeddable":true,"href":"http:\/\/www.sortirdeparisavelo.fr\/blog\/wp-json\/wp\/v2\/media\/998"}],"wp:attachment":[{"href":"http:\/\/www.sortirdeparisavelo.fr\/blog\/wp-json\/wp\/v2\/media?parent=982"}],"wp:term":[{"taxonomy":"category","embeddable":true,"href":"http:\/\/www.sortirdeparisavelo.fr\/blog\/wp-json\/wp\/v2\/categories?post=982"},{"taxonomy":"post_tag","embeddable":true,"href":"http:\/\/www.sortirdeparisavelo.fr\/blog\/wp-json\/wp\/v2\/tags?post=982"}],"curies":[{"name":"wp","href":"https:\/\/api.w.org\/{rel}","templated":true}]}}